{"id":679,"date":"2019-09-16T23:54:38","date_gmt":"2019-09-17T05:54:38","guid":{"rendered":"http:\/\/www.andi.hn\/boletin\/?p=679"},"modified":"2022-08-05T22:31:20","modified_gmt":"2022-08-06T04:31:20","slug":"talleres-estrategicos-de-derechos-humanos-e-industria-por-andi-la-ceiba","status":"publish","type":"post","link":"https:\/\/www.andi.hn\/boletin\/talleres-estrategicos-de-derechos-humanos-e-industria-por-andi-la-ceiba\/","title":{"rendered":"Talleres estrat\u00e9gicos de Derechos Humanos e Industria por ANDI &#8211; La Ceiba."},"content":{"rendered":"\n<p>ANDI en el marco del proyecto \u201cPlan de Acci\u00f3n de Industria y Derechos Humanos\u201d, (PANIDDHH) desarroll\u00f3 una serie de talleres de an\u00e1lisis FODA con miembros del Comit\u00e9 Industrial de Derechos Humanos y juntas regionales de la ANDI, con objetivo de buscar estrategias para la promoci\u00f3n y el respeto de los Derechos Humanos en la actividad industrial del pa\u00eds, este taller fue realizado en la ciudad de La Ceiba.    <\/p>\n\n\n\n<ul class=\"wp-block-gallery columns-3 is-cropped\"><li class=\"blocks-gallery-item\"><figure><img loading=\"lazy\" width=\"1024\" height=\"683\" src=\"http:\/\/www.andi.hn\/boletin\/wp-content\/uploads\/2019\/09\/Taller-CEI-1-1024x683.jpg\" alt=\"\" data-id=\"680\" data-link=\"http:\/\/www.andi.hn\/boletin\/?attachment_id=680\" class=\"wp-image-680\" srcset=\"https:\/\/www.andi.hn\/boletin\/wp-content\/uploads\/2019\/09\/Taller-CEI-1-1024x683.jpg 1024w, https:\/\/www.andi.hn\/boletin\/wp-content\/uploads\/2019\/09\/Taller-CEI-1-300x200.jpg 300w, https:\/\/www.andi.hn\/boletin\/wp-content\/uploads\/2019\/09\/Taller-CEI-1-768x512.jpg 768w, https:\/\/www.andi.hn\/boletin\/wp-content\/uploads\/2019\/09\/Taller-CEI-1-270x180.jpg 270w, https:\/\/www.andi.hn\/boletin\/wp-content\/uploads\/2019\/09\/Taller-CEI-1-770x515.jpg 770w\" sizes=\"(max-width: 1024px) 100vw, 1024px\" \/><\/figure><\/li><li class=\"blocks-gallery-item\"><figure><img loading=\"lazy\" width=\"1024\" height=\"683\" src=\"http:\/\/www.andi.hn\/boletin\/wp-content\/uploads\/2019\/09\/Taller-CEI-2-1024x683.jpg\" alt=\"\" data-id=\"681\" data-link=\"http:\/\/www.andi.hn\/boletin\/?attachment_id=681\" class=\"wp-image-681\" srcset=\"https:\/\/www.andi.hn\/boletin\/wp-content\/uploads\/2019\/09\/Taller-CEI-2-1024x683.jpg 1024w, https:\/\/www.andi.hn\/boletin\/wp-content\/uploads\/2019\/09\/Taller-CEI-2-300x200.jpg 300w, https:\/\/www.andi.hn\/boletin\/wp-content\/uploads\/2019\/09\/Taller-CEI-2-768x512.jpg 768w, https:\/\/www.andi.hn\/boletin\/wp-content\/uploads\/2019\/09\/Taller-CEI-2-270x180.jpg 270w, https:\/\/www.andi.hn\/boletin\/wp-content\/uploads\/2019\/09\/Taller-CEI-2-770x515.jpg 770w\" sizes=\"(max-width: 1024px) 100vw, 1024px\" \/><\/figure><\/li><li class=\"blocks-gallery-item\"><figure><img loading=\"lazy\" width=\"1024\" height=\"683\" src=\"http:\/\/www.andi.hn\/boletin\/wp-content\/uploads\/2019\/09\/Taller-CEI-3-1024x683.jpg\" alt=\"\" data-id=\"682\" data-link=\"http:\/\/www.andi.hn\/boletin\/?attachment_id=682\" class=\"wp-image-682\" srcset=\"https:\/\/www.andi.hn\/boletin\/wp-content\/uploads\/2019\/09\/Taller-CEI-3-1024x683.jpg 1024w, https:\/\/www.andi.hn\/boletin\/wp-content\/uploads\/2019\/09\/Taller-CEI-3-300x200.jpg 300w, https:\/\/www.andi.hn\/boletin\/wp-content\/uploads\/2019\/09\/Taller-CEI-3-768x512.jpg 768w, https:\/\/www.andi.hn\/boletin\/wp-content\/uploads\/2019\/09\/Taller-CEI-3-270x180.jpg 270w, https:\/\/www.andi.hn\/boletin\/wp-content\/uploads\/2019\/09\/Taller-CEI-3-770x515.jpg 770w\" sizes=\"(max-width: 1024px) 100vw, 1024px\" \/><\/figure><\/li><li class=\"blocks-gallery-item\"><figure><img loading=\"lazy\" width=\"1024\" height=\"683\" src=\"http:\/\/www.andi.hn\/boletin\/wp-content\/uploads\/2019\/09\/Taller-CEI-4-1024x683.jpg\" alt=\"\" data-id=\"683\" data-link=\"http:\/\/www.andi.hn\/boletin\/?attachment_id=683\" class=\"wp-image-683\" srcset=\"https:\/\/www.andi.hn\/boletin\/wp-content\/uploads\/2019\/09\/Taller-CEI-4-1024x683.jpg 1024w, https:\/\/www.andi.hn\/boletin\/wp-content\/uploads\/2019\/09\/Taller-CEI-4-300x200.jpg 300w, https:\/\/www.andi.hn\/boletin\/wp-content\/uploads\/2019\/09\/Taller-CEI-4-768x512.jpg 768w, https:\/\/www.andi.hn\/boletin\/wp-content\/uploads\/2019\/09\/Taller-CEI-4-270x180.jpg 270w, https:\/\/www.andi.hn\/boletin\/wp-content\/uploads\/2019\/09\/Taller-CEI-4-770x515.jpg 770w\" sizes=\"(max-width: 1024px) 100vw, 1024px\" \/><\/figure><\/li><li class=\"blocks-gallery-item\"><figure><img loading=\"lazy\" width=\"1024\" height=\"683\" src=\"http:\/\/www.andi.hn\/boletin\/wp-content\/uploads\/2019\/09\/Taller-CEI-5-1024x683.jpg\" alt=\"\" data-id=\"684\" data-link=\"http:\/\/www.andi.hn\/boletin\/?attachment_id=684\" class=\"wp-image-684\" srcset=\"https:\/\/www.andi.hn\/boletin\/wp-content\/uploads\/2019\/09\/Taller-CEI-5-1024x683.jpg 1024w, https:\/\/www.andi.hn\/boletin\/wp-content\/uploads\/2019\/09\/Taller-CEI-5-300x200.jpg 300w, https:\/\/www.andi.hn\/boletin\/wp-content\/uploads\/2019\/09\/Taller-CEI-5-768x512.jpg 768w, https:\/\/www.andi.hn\/boletin\/wp-content\/uploads\/2019\/09\/Taller-CEI-5-270x180.jpg 270w, https:\/\/www.andi.hn\/boletin\/wp-content\/uploads\/2019\/09\/Taller-CEI-5-770x515.jpg 770w\" sizes=\"(max-width: 1024px) 100vw, 1024px\" \/><\/figure><\/li><li class=\"blocks-gallery-item\"><figure><img loading=\"lazy\" width=\"1024\" height=\"683\" src=\"http:\/\/www.andi.hn\/boletin\/wp-content\/uploads\/2019\/09\/Taller-CEI-6-1024x683.jpg\" alt=\"\" data-id=\"685\" data-link=\"http:\/\/www.andi.hn\/boletin\/?attachment_id=685\" class=\"wp-image-685\" srcset=\"https:\/\/www.andi.hn\/boletin\/wp-content\/uploads\/2019\/09\/Taller-CEI-6-1024x683.jpg 1024w, https:\/\/www.andi.hn\/boletin\/wp-content\/uploads\/2019\/09\/Taller-CEI-6-300x200.jpg 300w, https:\/\/www.andi.hn\/boletin\/wp-content\/uploads\/2019\/09\/Taller-CEI-6-768x512.jpg 768w, https:\/\/www.andi.hn\/boletin\/wp-content\/uploads\/2019\/09\/Taller-CEI-6-270x180.jpg 270w, https:\/\/www.andi.hn\/boletin\/wp-content\/uploads\/2019\/09\/Taller-CEI-6-770x515.jpg 770w\" sizes=\"(max-width: 1024px) 100vw, 1024px\" \/><\/figure><\/li><\/ul>\n","protected":false},"excerpt":{"rendered":"<p>ANDI en el marco del proyecto \u201cPlan de Acci\u00f3n de Industria y Derechos Humanos\u201d, (PANIDDHH) desarroll\u00f3 una serie de talleres de an\u00e1lisis FODA con miembros del Comit\u00e9 Industrial de Derechos Humanos y juntas regionales de la ANDI, con objetivo de buscar estrategias para la promoci\u00f3n y el respeto de los Derechos Humanos en la actividad<\/p>\n","protected":false},"author":3,"featured_media":683,"comment_status":"closed","ping_status":"open","sticky":false,"template":"","format":"gallery","meta":[],"categories":[19,13],"tags":[52,31,3,30,12,11,65,29,4,28,63],"cmcal_calendar":[145],"yoast_head":"<!-- This site is optimized with the Yoast SEO plugin v18.1 - https:\/\/yoast.com\/wordpress\/plugins\/seo\/ -->\n<title>Talleres estrat\u00e9gicos de Derechos Humanos e Industria por ANDI - La Ceiba. &raquo; ANDI<\/title>\n<meta name=\"robots\" content=\"index, follow, max-snippet:-1, max-image-preview:large, max-video-preview:-1\" \/>\n<link rel=\"canonical\" href=\"https:\/\/www.andi.hn\/boletin\/talleres-estrategicos-de-derechos-humanos-e-industria-por-andi-la-ceiba\/\" \/>\n<meta property=\"og:locale\" content=\"es_ES\" \/>\n<meta property=\"og:type\" content=\"article\" \/>\n<meta property=\"og:title\" content=\"Talleres estrat\u00e9gicos de Derechos Humanos e Industria por ANDI - La Ceiba. &raquo; ANDI\" \/>\n<meta property=\"og:description\" content=\"ANDI en el marco del proyecto \u201cPlan de Acci\u00f3n de Industria y Derechos Humanos\u201d, (PANIDDHH) desarroll\u00f3 una serie de talleres de an\u00e1lisis FODA con miembros del Comit\u00e9 Industrial de Derechos Humanos y juntas regionales de la ANDI, con objetivo de buscar estrategias para la promoci\u00f3n y el respeto de los Derechos Humanos en la actividad\" \/>\n<meta property=\"og:url\" content=\"https:\/\/www.andi.hn\/boletin\/talleres-estrategicos-de-derechos-humanos-e-industria-por-andi-la-ceiba\/\" \/>\n<meta property=\"og:site_name\" content=\"ANDI\" \/>\n<meta property=\"article:published_time\" content=\"2019-09-17T05:54:38+00:00\" \/>\n<meta property=\"article:modified_time\" content=\"2022-08-06T04:31:20+00:00\" \/>\n<meta property=\"og:image\" content=\"https:\/\/www.andi.hn\/boletin\/wp-content\/uploads\/2019\/09\/Taller-CEI-4.jpg\" \/>\n\t<meta property=\"og:image:width\" content=\"3487\" \/>\n\t<meta property=\"og:image:height\" content=\"2325\" \/>\n\t<meta property=\"og:image:type\" content=\"image\/jpeg\" \/>\n<meta name=\"twitter:card\" content=\"summary_large_image\" \/>\n<meta name=\"twitter:label1\" content=\"Escrito por\" \/>\n\t<meta name=\"twitter:data1\" content=\"ANDI Honduras\" \/>\n<script type=\"application\/ld+json\" class=\"yoast-schema-graph\">{\"@context\":\"https:\/\/schema.org\",\"@graph\":[{\"@type\":\"Organization\",\"@id\":\"http:\/\/www.andi.hn\/boletin\/#organization\",\"name\":\"Bolet\u00edn Industrial de Derechos Humanos\",\"url\":\"http:\/\/www.andi.hn\/boletin\/\",\"sameAs\":[],\"logo\":{\"@type\":\"ImageObject\",\"@id\":\"http:\/\/www.andi.hn\/boletin\/#logo\",\"inLanguage\":\"es\",\"url\":\"http:\/\/www.andi.hn\/boletin\/wp-content\/uploads\/2019\/04\/andi.png\",\"contentUrl\":\"http:\/\/www.andi.hn\/boletin\/wp-content\/uploads\/2019\/04\/andi.png\",\"width\":600,\"height\":315,\"caption\":\"Bolet\u00edn Industrial de Derechos Humanos\"},\"image\":{\"@id\":\"http:\/\/www.andi.hn\/boletin\/#logo\"}},{\"@type\":\"WebSite\",\"@id\":\"http:\/\/www.andi.hn\/boletin\/#website\",\"url\":\"http:\/\/www.andi.hn\/boletin\/\",\"name\":\"ANDI\",\"description\":\"Bolet\u00edn de Derechos Humanos\",\"publisher\":{\"@id\":\"http:\/\/www.andi.hn\/boletin\/#organization\"},\"potentialAction\":[{\"@type\":\"SearchAction\",\"target\":{\"@type\":\"EntryPoint\",\"urlTemplate\":\"http:\/\/www.andi.hn\/boletin\/?s={search_term_string}\"},\"query-input\":\"required name=search_term_string\"}],\"inLanguage\":\"es\"},{\"@type\":\"ImageObject\",\"@id\":\"https:\/\/www.andi.hn\/boletin\/talleres-estrategicos-de-derechos-humanos-e-industria-por-andi-la-ceiba\/#primaryimage\",\"inLanguage\":\"es\",\"url\":\"https:\/\/www.andi.hn\/boletin\/wp-content\/uploads\/2019\/09\/Taller-CEI-4.jpg\",\"contentUrl\":\"https:\/\/www.andi.hn\/boletin\/wp-content\/uploads\/2019\/09\/Taller-CEI-4.jpg\",\"width\":3487,\"height\":2325},{\"@type\":\"WebPage\",\"@id\":\"https:\/\/www.andi.hn\/boletin\/talleres-estrategicos-de-derechos-humanos-e-industria-por-andi-la-ceiba\/#webpage\",\"url\":\"https:\/\/www.andi.hn\/boletin\/talleres-estrategicos-de-derechos-humanos-e-industria-por-andi-la-ceiba\/\",\"name\":\"Talleres estrat\u00e9gicos de Derechos Humanos e Industria por ANDI - La Ceiba. &raquo; ANDI\",\"isPartOf\":{\"@id\":\"http:\/\/www.andi.hn\/boletin\/#website\"},\"primaryImageOfPage\":{\"@id\":\"https:\/\/www.andi.hn\/boletin\/talleres-estrategicos-de-derechos-humanos-e-industria-por-andi-la-ceiba\/#primaryimage\"},\"datePublished\":\"2019-09-17T05:54:38+00:00\",\"dateModified\":\"2022-08-06T04:31:20+00:00\",\"breadcrumb\":{\"@id\":\"https:\/\/www.andi.hn\/boletin\/talleres-estrategicos-de-derechos-humanos-e-industria-por-andi-la-ceiba\/#breadcrumb\"},\"inLanguage\":\"es\",\"potentialAction\":[{\"@type\":\"ReadAction\",\"target\":[\"https:\/\/www.andi.hn\/boletin\/talleres-estrategicos-de-derechos-humanos-e-industria-por-andi-la-ceiba\/\"]}]},{\"@type\":\"BreadcrumbList\",\"@id\":\"https:\/\/www.andi.hn\/boletin\/talleres-estrategicos-de-derechos-humanos-e-industria-por-andi-la-ceiba\/#breadcrumb\",\"itemListElement\":[{\"@type\":\"ListItem\",\"position\":1,\"name\":\"Portada\",\"item\":\"http:\/\/www.andi.hn\/boletin\/\"},{\"@type\":\"ListItem\",\"position\":2,\"name\":\"Talleres estrat\u00e9gicos de Derechos Humanos e Industria por ANDI &#8211; La Ceiba.\"}]},{\"@type\":\"Article\",\"@id\":\"https:\/\/www.andi.hn\/boletin\/talleres-estrategicos-de-derechos-humanos-e-industria-por-andi-la-ceiba\/#article\",\"isPartOf\":{\"@id\":\"https:\/\/www.andi.hn\/boletin\/talleres-estrategicos-de-derechos-humanos-e-industria-por-andi-la-ceiba\/#webpage\"},\"author\":{\"@id\":\"http:\/\/www.andi.hn\/boletin\/#\/schema\/person\/02660f597ef931bfd645d8dc265a90fe\"},\"headline\":\"Talleres estrat\u00e9gicos de Derechos Humanos e Industria por ANDI &#8211; La Ceiba.\",\"datePublished\":\"2019-09-17T05:54:38+00:00\",\"dateModified\":\"2022-08-06T04:31:20+00:00\",\"mainEntityOfPage\":{\"@id\":\"https:\/\/www.andi.hn\/boletin\/talleres-estrategicos-de-derechos-humanos-e-industria-por-andi-la-ceiba\/#webpage\"},\"wordCount\":85,\"publisher\":{\"@id\":\"http:\/\/www.andi.hn\/boletin\/#organization\"},\"image\":{\"@id\":\"https:\/\/www.andi.hn\/boletin\/talleres-estrategicos-de-derechos-humanos-e-industria-por-andi-la-ceiba\/#primaryimage\"},\"thumbnailUrl\":\"https:\/\/www.andi.hn\/boletin\/wp-content\/uploads\/2019\/09\/Taller-CEI-4.jpg\",\"keywords\":[\"Avance\",\"DDHH\",\"derechos humanos\",\"Desarrollo\",\"Honduras\",\"industria\",\"La Ceiba\",\"ODS\",\"PANIDDHH\",\"progreso\",\"Talleres\"],\"articleSection\":[\"Eventos\",\"Galer\u00eda de fotos\"],\"inLanguage\":\"es\"},{\"@type\":\"Person\",\"@id\":\"http:\/\/www.andi.hn\/boletin\/#\/schema\/person\/02660f597ef931bfd645d8dc265a90fe\",\"name\":\"ANDI Honduras\",\"image\":{\"@type\":\"ImageObject\",\"@id\":\"http:\/\/www.andi.hn\/boletin\/#personlogo\",\"inLanguage\":\"es\",\"url\":\"https:\/\/secure.gravatar.com\/avatar\/3c47cebe00720562574c2fae3cf637bd?s=96&d=mm&r=g\",\"contentUrl\":\"https:\/\/secure.gravatar.com\/avatar\/3c47cebe00720562574c2fae3cf637bd?s=96&d=mm&r=g\",\"caption\":\"ANDI Honduras\"}}]}<\/script>\n<!-- \/ Yoast SEO plugin. -->","yoast_head_json":{"title":"Talleres estrat\u00e9gicos de Derechos Humanos e Industria por ANDI - La Ceiba. &raquo; ANDI","robots":{"index":"index","follow":"follow","max-snippet":"max-snippet:-1","max-image-preview":"max-image-preview:large","max-video-preview":"max-video-preview:-1"},"canonical":"https:\/\/www.andi.hn\/boletin\/talleres-estrategicos-de-derechos-humanos-e-industria-por-andi-la-ceiba\/","og_locale":"es_ES","og_type":"article","og_title":"Talleres estrat\u00e9gicos de Derechos Humanos e Industria por ANDI - La Ceiba. &raquo; ANDI","og_description":"ANDI en el marco del proyecto \u201cPlan de Acci\u00f3n de Industria y Derechos Humanos\u201d, (PANIDDHH) desarroll\u00f3 una serie de talleres de an\u00e1lisis FODA con miembros del Comit\u00e9 Industrial de Derechos Humanos y juntas regionales de la ANDI, con objetivo de buscar estrategias para la promoci\u00f3n y el respeto de los Derechos Humanos en la actividad","og_url":"https:\/\/www.andi.hn\/boletin\/talleres-estrategicos-de-derechos-humanos-e-industria-por-andi-la-ceiba\/","og_site_name":"ANDI","article_published_time":"2019-09-17T05:54:38+00:00","article_modified_time":"2022-08-06T04:31:20+00:00","og_image":[{"width":3487,"height":2325,"url":"https:\/\/www.andi.hn\/boletin\/wp-content\/uploads\/2019\/09\/Taller-CEI-4.jpg","type":"image\/jpeg"}],"twitter_card":"summary_large_image","twitter_misc":{"Escrito por":"ANDI Honduras"},"schema":{"@context":"https:\/\/schema.org","@graph":[{"@type":"Organization","@id":"http:\/\/www.andi.hn\/boletin\/#organization","name":"Bolet\u00edn Industrial de Derechos Humanos","url":"http:\/\/www.andi.hn\/boletin\/","sameAs":[],"logo":{"@type":"ImageObject","@id":"http:\/\/www.andi.hn\/boletin\/#logo","inLanguage":"es","url":"http:\/\/www.andi.hn\/boletin\/wp-content\/uploads\/2019\/04\/andi.png","contentUrl":"http:\/\/www.andi.hn\/boletin\/wp-content\/uploads\/2019\/04\/andi.png","width":600,"height":315,"caption":"Bolet\u00edn Industrial de Derechos Humanos"},"image":{"@id":"http:\/\/www.andi.hn\/boletin\/#logo"}},{"@type":"WebSite","@id":"http:\/\/www.andi.hn\/boletin\/#website","url":"http:\/\/www.andi.hn\/boletin\/","name":"ANDI","description":"Bolet\u00edn de Derechos Humanos","publisher":{"@id":"http:\/\/www.andi.hn\/boletin\/#organization"},"potentialAction":[{"@type":"SearchAction","target":{"@type":"EntryPoint","urlTemplate":"http:\/\/www.andi.hn\/boletin\/?s={search_term_string}"},"query-input":"required name=search_term_string"}],"inLanguage":"es"},{"@type":"ImageObject","@id":"https:\/\/www.andi.hn\/boletin\/talleres-estrategicos-de-derechos-humanos-e-industria-por-andi-la-ceiba\/#primaryimage","inLanguage":"es","url":"https:\/\/www.andi.hn\/boletin\/wp-content\/uploads\/2019\/09\/Taller-CEI-4.jpg","contentUrl":"https:\/\/www.andi.hn\/boletin\/wp-content\/uploads\/2019\/09\/Taller-CEI-4.jpg","width":3487,"height":2325},{"@type":"WebPage","@id":"https:\/\/www.andi.hn\/boletin\/talleres-estrategicos-de-derechos-humanos-e-industria-por-andi-la-ceiba\/#webpage","url":"https:\/\/www.andi.hn\/boletin\/talleres-estrategicos-de-derechos-humanos-e-industria-por-andi-la-ceiba\/","name":"Talleres estrat\u00e9gicos de Derechos Humanos e Industria por ANDI - La Ceiba. &raquo; ANDI","isPartOf":{"@id":"http:\/\/www.andi.hn\/boletin\/#website"},"primaryImageOfPage":{"@id":"https:\/\/www.andi.hn\/boletin\/talleres-estrategicos-de-derechos-humanos-e-industria-por-andi-la-ceiba\/#primaryimage"},"datePublished":"2019-09-17T05:54:38+00:00","dateModified":"2022-08-06T04:31:20+00:00","breadcrumb":{"@id":"https:\/\/www.andi.hn\/boletin\/talleres-estrategicos-de-derechos-humanos-e-industria-por-andi-la-ceiba\/#breadcrumb"},"inLanguage":"es","potentialAction":[{"@type":"ReadAction","target":["https:\/\/www.andi.hn\/boletin\/talleres-estrategicos-de-derechos-humanos-e-industria-por-andi-la-ceiba\/"]}]},{"@type":"BreadcrumbList","@id":"https:\/\/www.andi.hn\/boletin\/talleres-estrategicos-de-derechos-humanos-e-industria-por-andi-la-ceiba\/#breadcrumb","itemListElement":[{"@type":"ListItem","position":1,"name":"Portada","item":"http:\/\/www.andi.hn\/boletin\/"},{"@type":"ListItem","position":2,"name":"Talleres estrat\u00e9gicos de Derechos Humanos e Industria por ANDI &#8211; La Ceiba."}]},{"@type":"Article","@id":"https:\/\/www.andi.hn\/boletin\/talleres-estrategicos-de-derechos-humanos-e-industria-por-andi-la-ceiba\/#article","isPartOf":{"@id":"https:\/\/www.andi.hn\/boletin\/talleres-estrategicos-de-derechos-humanos-e-industria-por-andi-la-ceiba\/#webpage"},"author":{"@id":"http:\/\/www.andi.hn\/boletin\/#\/schema\/person\/02660f597ef931bfd645d8dc265a90fe"},"headline":"Talleres estrat\u00e9gicos de Derechos Humanos e Industria por ANDI &#8211; La Ceiba.","datePublished":"2019-09-17T05:54:38+00:00","dateModified":"2022-08-06T04:31:20+00:00","mainEntityOfPage":{"@id":"https:\/\/www.andi.hn\/boletin\/talleres-estrategicos-de-derechos-humanos-e-industria-por-andi-la-ceiba\/#webpage"},"wordCount":85,"publisher":{"@id":"http:\/\/www.andi.hn\/boletin\/#organization"},"image":{"@id":"https:\/\/www.andi.hn\/boletin\/talleres-estrategicos-de-derechos-humanos-e-industria-por-andi-la-ceiba\/#primaryimage"},"thumbnailUrl":"https:\/\/www.andi.hn\/boletin\/wp-content\/uploads\/2019\/09\/Taller-CEI-4.jpg","keywords":["Avance","DDHH","derechos humanos","Desarrollo","Honduras","industria","La Ceiba","ODS","PANIDDHH","progreso","Talleres"],"articleSection":["Eventos","Galer\u00eda de fotos"],"inLanguage":"es"},{"@type":"Person","@id":"http:\/\/www.andi.hn\/boletin\/#\/schema\/person\/02660f597ef931bfd645d8dc265a90fe","name":"ANDI Honduras","image":{"@type":"ImageObject","@id":"http:\/\/www.andi.hn\/boletin\/#personlogo","inLanguage":"es","url":"https:\/\/secure.gravatar.com\/avatar\/3c47cebe00720562574c2fae3cf637bd?s=96&d=mm&r=g","contentUrl":"https:\/\/secure.gravatar.com\/avatar\/3c47cebe00720562574c2fae3cf637bd?s=96&d=mm&r=g","caption":"ANDI Honduras"}}]}},"_links":{"self":[{"href":"https:\/\/www.andi.hn\/boletin\/wp-json\/wp\/v2\/posts\/679"}],"collection":[{"href":"https:\/\/www.andi.hn\/boletin\/wp-json\/wp\/v2\/posts"}],"about":[{"href":"https:\/\/www.andi.hn\/boletin\/wp-json\/wp\/v2\/types\/post"}],"author":[{"embeddable":true,"href":"https:\/\/www.andi.hn\/boletin\/wp-json\/wp\/v2\/users\/3"}],"replies":[{"embeddable":true,"href":"https:\/\/www.andi.hn\/boletin\/wp-json\/wp\/v2\/comments?post=679"}],"version-history":[{"count":1,"href":"https:\/\/www.andi.hn\/boletin\/wp-json\/wp\/v2\/posts\/679\/revisions"}],"predecessor-version":[{"id":686,"href":"https:\/\/www.andi.hn\/boletin\/wp-json\/wp\/v2\/posts\/679\/revisions\/686"}],"wp:featuredmedia":[{"embeddable":true,"href":"https:\/\/www.andi.hn\/boletin\/wp-json\/wp\/v2\/media\/683"}],"wp:attachment":[{"href":"https:\/\/www.andi.hn\/boletin\/wp-json\/wp\/v2\/media?parent=679"}],"wp:term":[{"taxonomy":"category","embeddable":true,"href":"https:\/\/www.andi.hn\/boletin\/wp-json\/wp\/v2\/categories?post=679"},{"taxonomy":"post_tag","embeddable":true,"href":"https:\/\/www.andi.hn\/boletin\/wp-json\/wp\/v2\/tags?post=679"},{"taxonomy":"cmcal_calendar","embeddable":true,"href":"https:\/\/www.andi.hn\/boletin\/wp-json\/wp\/v2\/cmcal_calendar?post=679"}],"curies":[{"name":"wp","href":"https:\/\/api.w.org\/{rel}","templated":true}]}}