{"id":2191,"date":"2022-09-12T09:00:45","date_gmt":"2022-09-12T15:00:45","guid":{"rendered":"http:\/\/www.andi.hn\/boletin\/?p=2191"},"modified":"2022-09-12T09:53:20","modified_gmt":"2022-09-12T15:53:20","slug":"taller-sobre-empresa-y-derechos-humanos","status":"publish","type":"post","link":"https:\/\/www.andi.hn\/boletin\/taller-sobre-empresa-y-derechos-humanos\/","title":{"rendered":"Rueda de prensa: Presentaci\u00f3n Bolet\u00edn Virtual Derechos Humanos"},"content":{"rendered":"<p>[vc_row][vc_column][vc_single_image image=\u00bb2633&#8243; img_size=\u00bbfull\u00bb alignment=\u00bbcenter\u00bb][vc_separator style=\u00bbdotted\u00bb][vc_row_inner][vc_column_inner][vc_column_text]<strong>Comunicado de Prensa<\/strong>[\/vc_column_text][vc_column_text]<\/p>\n<h3><strong>La Asociaci\u00f3n Nacional de Industriales presenta su nuevo Bolet\u00edn Virtual de Derechos Humanos.<\/strong><\/h3>\n<p>[\/vc_column_text][vc_column_text]Tegucigalpa 12 de septiembre de 2022.- La Asociaci\u00f3n Nacional de Industriales ANDI, a trav\u00e9s de su Comit\u00e9 Industrial de Derechos Humanos presenta el nuevo dise\u00f1o del Bolet\u00edn Virtual de Derechos Humanos alojado en la P\u00e1gina Web de la ANDI <a href=\"https:\/\/www.andi.hn\/boletin\/\">https:\/\/www.andi.hn\/boletin\/<\/a>.<\/p>\n<p>Conscientes de la importancia en el cumplimiento de los derechos humanos y empresas, la ANDI ha creado un Bolet\u00edn Virtual de Derechos Humanos para brindar un resumen de noticias, instrumentos y gu\u00edas de implementaci\u00f3n, as\u00ed como para publicar las acciones que las empresas socias realizan encaminados a obtener avances concretos en el tema.<\/p>\n<p>El nuevo dise\u00f1o del bolet\u00edn cuenta con las secciones:<\/p>\n<ul>\n<li>Noticias<\/li>\n<li>Inf\u00f3rmate<\/li>\n<li>DDHH + Empresas<\/li>\n<li>Eventos<\/li>\n<\/ul>\n<p>Cada secci\u00f3n contiene recursos informativos, art\u00edculos y actividades que desarrollan las empresas en pro de la sostenibilidad y del cumplimiento de los Derechos Humanos.<\/p>\n<p>La secci\u00f3n Noticias se clasifica en Nacionales e Internacionales donde se pueden conocer las novedades en el mundo y en el pa\u00eds en relaci\u00f3n con los Derechos Humanos y las empresas, principios rectores y sostenibilidad.<\/p>\n<p>La secci\u00f3n Inf\u00f3rmate contempla Infograf\u00edas, Biblioteca y ODS donde se publican de manera gr\u00e1fica y amigable los contenidos para facilitar su b\u00fasqueda y lectura. La subsecci\u00f3n de Derechos Humanos en la Biblioteca cuenta con la Gu\u00eda Industrial de Derechos Humanos y el Plan de Acci\u00f3n de la Industria Nacional y Derechos Humanos promovidos por la ANDI con el apoyo de organismos de sociedad civil y gobierno.<\/p>\n<p>El segmento de DDHH + Empresas visibiliza las actividades de las empresas vinculadas al cumplimiento de las ODS y Principios del Pacto Mundial.<\/p>\n<p>De igual manera se cuenta con la pesta\u00f1a de Eventos donde se proyecta un calendario con los principales acontecimientos planificados por la ANDI, industrias socias y miembros del Comit\u00e9 de Derechos Humanos, relacionados al cumplimiento de los Derechos Humanos y sostenibilidad.<\/p>\n<p>La ANDI en asocio con otros organismos como Cuso Internacional han realizado diversas actividades como parte del compromiso adquirido por la industria hondure\u00f1a para producir con responsabilidad y apoyar en la construcci\u00f3n de un mejor planeta.[\/vc_column_text][\/vc_column_inner][\/vc_row_inner][vc_separator style=\u00bbdotted\u00bb][vc_btn title=\u00bbDescargar Comunicado\u00bb link=\u00bburl:http%3A%2F%2Fwww.andi.hn%2Fboletin%2Fwp-content%2Fuploads%2F2022%2F09%2FComunicado_Boletin-DDHH_12092022.pdf||target:%20_blank|\u00bb][\/vc_column][\/vc_row]<\/p>\n","protected":false},"excerpt":{"rendered":"<p>[vc_row][vc_column][vc_single_image image=\u00bb2633&#8243; img_size=\u00bbfull\u00bb alignment=\u00bbcenter\u00bb][vc_separator style=\u00bbdotted\u00bb][vc_row_inner][vc_column_inner][vc_column_text]Comunicado de Prensa[\/vc_column_text][vc_column_text] La Asociaci\u00f3n Nacional de Industriales presenta su nuevo Bolet\u00edn Virtual de Derechos Humanos. [\/vc_column_text][vc_column_text]Tegucigalpa 12 de septiembre de 2022.- La Asociaci\u00f3n Nacional de Industriales ANDI, a trav\u00e9s de su Comit\u00e9 Industrial de Derechos Humanos presenta el nuevo dise\u00f1o del Bolet\u00edn Virtual de Derechos Humanos alojado en la P\u00e1gina<\/p>\n","protected":false},"author":2,"featured_media":0,"comment_status":"closed","ping_status":"open","sticky":false,"template":"","format":"standard","meta":[],"categories":[19],"tags":[],"cmcal_calendar":[145],"yoast_head":"<!-- This site is optimized with the Yoast SEO plugin v18.1 - https:\/\/yoast.com\/wordpress\/plugins\/seo\/ -->\n<title>Rueda de prensa: Presentaci\u00f3n Bolet\u00edn Virtual Derechos Humanos &raquo; ANDI<\/title>\n<meta name=\"robots\" content=\"index, follow, max-snippet:-1, max-image-preview:large, max-video-preview:-1\" \/>\n<link rel=\"canonical\" href=\"https:\/\/www.andi.hn\/boletin\/taller-sobre-empresa-y-derechos-humanos\/\" \/>\n<meta property=\"og:locale\" content=\"es_ES\" \/>\n<meta property=\"og:type\" content=\"article\" \/>\n<meta property=\"og:title\" content=\"Rueda de prensa: Presentaci\u00f3n Bolet\u00edn Virtual Derechos Humanos &raquo; ANDI\" \/>\n<meta property=\"og:description\" content=\"[vc_row][vc_column][vc_single_image image=\u00bb2633&#8243; img_size=\u00bbfull\u00bb alignment=\u00bbcenter\u00bb][vc_separator style=\u00bbdotted\u00bb][vc_row_inner][vc_column_inner][vc_column_text]Comunicado de Prensa[\/vc_column_text][vc_column_text] La Asociaci\u00f3n Nacional de Industriales presenta su nuevo Bolet\u00edn Virtual de Derechos Humanos. [\/vc_column_text][vc_column_text]Tegucigalpa 12 de septiembre de 2022.- La Asociaci\u00f3n Nacional de Industriales ANDI, a trav\u00e9s de su Comit\u00e9 Industrial de Derechos Humanos presenta el nuevo dise\u00f1o del Bolet\u00edn Virtual de Derechos Humanos alojado en la P\u00e1gina\" \/>\n<meta property=\"og:url\" content=\"https:\/\/www.andi.hn\/boletin\/taller-sobre-empresa-y-derechos-humanos\/\" \/>\n<meta property=\"og:site_name\" content=\"ANDI\" \/>\n<meta property=\"article:published_time\" content=\"2022-09-12T15:00:45+00:00\" \/>\n<meta property=\"article:modified_time\" content=\"2022-09-12T15:53:20+00:00\" \/>\n<meta name=\"twitter:card\" content=\"summary_large_image\" \/>\n<meta name=\"twitter:label1\" content=\"Escrito por\" \/>\n\t<meta name=\"twitter:data1\" content=\"ANDI\" \/>\n\t<meta name=\"twitter:label2\" content=\"Tiempo de lectura\" \/>\n\t<meta name=\"twitter:data2\" content=\"2 minutos\" \/>\n<script type=\"application\/ld+json\" class=\"yoast-schema-graph\">{\"@context\":\"https:\/\/schema.org\",\"@graph\":[{\"@type\":\"Organization\",\"@id\":\"https:\/\/www.andi.hn\/boletin\/#organization\",\"name\":\"Bolet\u00edn Industrial de Derechos Humanos\",\"url\":\"https:\/\/www.andi.hn\/boletin\/\",\"sameAs\":[],\"logo\":{\"@type\":\"ImageObject\",\"@id\":\"https:\/\/www.andi.hn\/boletin\/#logo\",\"inLanguage\":\"es\",\"url\":\"http:\/\/www.andi.hn\/boletin\/wp-content\/uploads\/2019\/04\/andi.png\",\"contentUrl\":\"http:\/\/www.andi.hn\/boletin\/wp-content\/uploads\/2019\/04\/andi.png\",\"width\":600,\"height\":315,\"caption\":\"Bolet\u00edn Industrial de Derechos Humanos\"},\"image\":{\"@id\":\"https:\/\/www.andi.hn\/boletin\/#logo\"}},{\"@type\":\"WebSite\",\"@id\":\"https:\/\/www.andi.hn\/boletin\/#website\",\"url\":\"https:\/\/www.andi.hn\/boletin\/\",\"name\":\"ANDI\",\"description\":\"Bolet\u00edn de Derechos Humanos\",\"publisher\":{\"@id\":\"https:\/\/www.andi.hn\/boletin\/#organization\"},\"potentialAction\":[{\"@type\":\"SearchAction\",\"target\":{\"@type\":\"EntryPoint\",\"urlTemplate\":\"https:\/\/www.andi.hn\/boletin\/?s={search_term_string}\"},\"query-input\":\"required name=search_term_string\"}],\"inLanguage\":\"es\"},{\"@type\":\"WebPage\",\"@id\":\"https:\/\/www.andi.hn\/boletin\/taller-sobre-empresa-y-derechos-humanos\/#webpage\",\"url\":\"https:\/\/www.andi.hn\/boletin\/taller-sobre-empresa-y-derechos-humanos\/\",\"name\":\"Rueda de prensa: Presentaci\u00f3n Bolet\u00edn Virtual Derechos Humanos &raquo; ANDI\",\"isPartOf\":{\"@id\":\"https:\/\/www.andi.hn\/boletin\/#website\"},\"datePublished\":\"2022-09-12T15:00:45+00:00\",\"dateModified\":\"2022-09-12T15:53:20+00:00\",\"breadcrumb\":{\"@id\":\"https:\/\/www.andi.hn\/boletin\/taller-sobre-empresa-y-derechos-humanos\/#breadcrumb\"},\"inLanguage\":\"es\",\"potentialAction\":[{\"@type\":\"ReadAction\",\"target\":[\"https:\/\/www.andi.hn\/boletin\/taller-sobre-empresa-y-derechos-humanos\/\"]}]},{\"@type\":\"BreadcrumbList\",\"@id\":\"https:\/\/www.andi.hn\/boletin\/taller-sobre-empresa-y-derechos-humanos\/#breadcrumb\",\"itemListElement\":[{\"@type\":\"ListItem\",\"position\":1,\"name\":\"Portada\",\"item\":\"https:\/\/www.andi.hn\/boletin\/\"},{\"@type\":\"ListItem\",\"position\":2,\"name\":\"Rueda de prensa: Presentaci\u00f3n Bolet\u00edn Virtual Derechos Humanos\"}]},{\"@type\":\"Article\",\"@id\":\"https:\/\/www.andi.hn\/boletin\/taller-sobre-empresa-y-derechos-humanos\/#article\",\"isPartOf\":{\"@id\":\"https:\/\/www.andi.hn\/boletin\/taller-sobre-empresa-y-derechos-humanos\/#webpage\"},\"author\":{\"@id\":\"https:\/\/www.andi.hn\/boletin\/#\/schema\/person\/5f3c3f1669dba7f00c97c3c03b7c53ad\"},\"headline\":\"Rueda de prensa: Presentaci\u00f3n Bolet\u00edn Virtual Derechos Humanos\",\"datePublished\":\"2022-09-12T15:00:45+00:00\",\"dateModified\":\"2022-09-12T15:53:20+00:00\",\"mainEntityOfPage\":{\"@id\":\"https:\/\/www.andi.hn\/boletin\/taller-sobre-empresa-y-derechos-humanos\/#webpage\"},\"wordCount\":467,\"publisher\":{\"@id\":\"https:\/\/www.andi.hn\/boletin\/#organization\"},\"articleSection\":[\"Eventos\"],\"inLanguage\":\"es\"},{\"@type\":\"Person\",\"@id\":\"https:\/\/www.andi.hn\/boletin\/#\/schema\/person\/5f3c3f1669dba7f00c97c3c03b7c53ad\",\"name\":\"ANDI\",\"image\":{\"@type\":\"ImageObject\",\"@id\":\"https:\/\/www.andi.hn\/boletin\/#personlogo\",\"inLanguage\":\"es\",\"url\":\"https:\/\/secure.gravatar.com\/avatar\/710fa2d995172397bb2b7d7eae32446b?s=96&d=mm&r=g\",\"contentUrl\":\"https:\/\/secure.gravatar.com\/avatar\/710fa2d995172397bb2b7d7eae32446b?s=96&d=mm&r=g\",\"caption\":\"ANDI\"}}]}<\/script>\n<!-- \/ Yoast SEO plugin. -->","yoast_head_json":{"title":"Rueda de prensa: Presentaci\u00f3n Bolet\u00edn Virtual Derechos Humanos &raquo; ANDI","robots":{"index":"index","follow":"follow","max-snippet":"max-snippet:-1","max-image-preview":"max-image-preview:large","max-video-preview":"max-video-preview:-1"},"canonical":"https:\/\/www.andi.hn\/boletin\/taller-sobre-empresa-y-derechos-humanos\/","og_locale":"es_ES","og_type":"article","og_title":"Rueda de prensa: Presentaci\u00f3n Bolet\u00edn Virtual Derechos Humanos &raquo; ANDI","og_description":"[vc_row][vc_column][vc_single_image image=\u00bb2633&#8243; img_size=\u00bbfull\u00bb alignment=\u00bbcenter\u00bb][vc_separator style=\u00bbdotted\u00bb][vc_row_inner][vc_column_inner][vc_column_text]Comunicado de Prensa[\/vc_column_text][vc_column_text] La Asociaci\u00f3n Nacional de Industriales presenta su nuevo Bolet\u00edn Virtual de Derechos Humanos. [\/vc_column_text][vc_column_text]Tegucigalpa 12 de septiembre de 2022.- La Asociaci\u00f3n Nacional de Industriales ANDI, a trav\u00e9s de su Comit\u00e9 Industrial de Derechos Humanos presenta el nuevo dise\u00f1o del Bolet\u00edn Virtual de Derechos Humanos alojado en la P\u00e1gina","og_url":"https:\/\/www.andi.hn\/boletin\/taller-sobre-empresa-y-derechos-humanos\/","og_site_name":"ANDI","article_published_time":"2022-09-12T15:00:45+00:00","article_modified_time":"2022-09-12T15:53:20+00:00","twitter_card":"summary_large_image","twitter_misc":{"Escrito por":"ANDI","Tiempo de lectura":"2 minutos"},"schema":{"@context":"https:\/\/schema.org","@graph":[{"@type":"Organization","@id":"https:\/\/www.andi.hn\/boletin\/#organization","name":"Bolet\u00edn Industrial de Derechos Humanos","url":"https:\/\/www.andi.hn\/boletin\/","sameAs":[],"logo":{"@type":"ImageObject","@id":"https:\/\/www.andi.hn\/boletin\/#logo","inLanguage":"es","url":"http:\/\/www.andi.hn\/boletin\/wp-content\/uploads\/2019\/04\/andi.png","contentUrl":"http:\/\/www.andi.hn\/boletin\/wp-content\/uploads\/2019\/04\/andi.png","width":600,"height":315,"caption":"Bolet\u00edn Industrial de Derechos Humanos"},"image":{"@id":"https:\/\/www.andi.hn\/boletin\/#logo"}},{"@type":"WebSite","@id":"https:\/\/www.andi.hn\/boletin\/#website","url":"https:\/\/www.andi.hn\/boletin\/","name":"ANDI","description":"Bolet\u00edn de Derechos Humanos","publisher":{"@id":"https:\/\/www.andi.hn\/boletin\/#organization"},"potentialAction":[{"@type":"SearchAction","target":{"@type":"EntryPoint","urlTemplate":"https:\/\/www.andi.hn\/boletin\/?s={search_term_string}"},"query-input":"required name=search_term_string"}],"inLanguage":"es"},{"@type":"WebPage","@id":"https:\/\/www.andi.hn\/boletin\/taller-sobre-empresa-y-derechos-humanos\/#webpage","url":"https:\/\/www.andi.hn\/boletin\/taller-sobre-empresa-y-derechos-humanos\/","name":"Rueda de prensa: Presentaci\u00f3n Bolet\u00edn Virtual Derechos Humanos &raquo; ANDI","isPartOf":{"@id":"https:\/\/www.andi.hn\/boletin\/#website"},"datePublished":"2022-09-12T15:00:45+00:00","dateModified":"2022-09-12T15:53:20+00:00","breadcrumb":{"@id":"https:\/\/www.andi.hn\/boletin\/taller-sobre-empresa-y-derechos-humanos\/#breadcrumb"},"inLanguage":"es","potentialAction":[{"@type":"ReadAction","target":["https:\/\/www.andi.hn\/boletin\/taller-sobre-empresa-y-derechos-humanos\/"]}]},{"@type":"BreadcrumbList","@id":"https:\/\/www.andi.hn\/boletin\/taller-sobre-empresa-y-derechos-humanos\/#breadcrumb","itemListElement":[{"@type":"ListItem","position":1,"name":"Portada","item":"https:\/\/www.andi.hn\/boletin\/"},{"@type":"ListItem","position":2,"name":"Rueda de prensa: Presentaci\u00f3n Bolet\u00edn Virtual Derechos Humanos"}]},{"@type":"Article","@id":"https:\/\/www.andi.hn\/boletin\/taller-sobre-empresa-y-derechos-humanos\/#article","isPartOf":{"@id":"https:\/\/www.andi.hn\/boletin\/taller-sobre-empresa-y-derechos-humanos\/#webpage"},"author":{"@id":"https:\/\/www.andi.hn\/boletin\/#\/schema\/person\/5f3c3f1669dba7f00c97c3c03b7c53ad"},"headline":"Rueda de prensa: Presentaci\u00f3n Bolet\u00edn Virtual Derechos Humanos","datePublished":"2022-09-12T15:00:45+00:00","dateModified":"2022-09-12T15:53:20+00:00","mainEntityOfPage":{"@id":"https:\/\/www.andi.hn\/boletin\/taller-sobre-empresa-y-derechos-humanos\/#webpage"},"wordCount":467,"publisher":{"@id":"https:\/\/www.andi.hn\/boletin\/#organization"},"articleSection":["Eventos"],"inLanguage":"es"},{"@type":"Person","@id":"https:\/\/www.andi.hn\/boletin\/#\/schema\/person\/5f3c3f1669dba7f00c97c3c03b7c53ad","name":"ANDI","image":{"@type":"ImageObject","@id":"https:\/\/www.andi.hn\/boletin\/#personlogo","inLanguage":"es","url":"https:\/\/secure.gravatar.com\/avatar\/710fa2d995172397bb2b7d7eae32446b?s=96&d=mm&r=g","contentUrl":"https:\/\/secure.gravatar.com\/avatar\/710fa2d995172397bb2b7d7eae32446b?s=96&d=mm&r=g","caption":"ANDI"}}]}},"_links":{"self":[{"href":"https:\/\/www.andi.hn\/boletin\/wp-json\/wp\/v2\/posts\/2191"}],"collection":[{"href":"https:\/\/www.andi.hn\/boletin\/wp-json\/wp\/v2\/posts"}],"about":[{"href":"https:\/\/www.andi.hn\/boletin\/wp-json\/wp\/v2\/types\/post"}],"author":[{"embeddable":true,"href":"https:\/\/www.andi.hn\/boletin\/wp-json\/wp\/v2\/users\/2"}],"replies":[{"embeddable":true,"href":"https:\/\/www.andi.hn\/boletin\/wp-json\/wp\/v2\/comments?post=2191"}],"version-history":[{"count":5,"href":"https:\/\/www.andi.hn\/boletin\/wp-json\/wp\/v2\/posts\/2191\/revisions"}],"predecessor-version":[{"id":2654,"href":"https:\/\/www.andi.hn\/boletin\/wp-json\/wp\/v2\/posts\/2191\/revisions\/2654"}],"wp:attachment":[{"href":"https:\/\/www.andi.hn\/boletin\/wp-json\/wp\/v2\/media?parent=2191"}],"wp:term":[{"taxonomy":"category","embeddable":true,"href":"https:\/\/www.andi.hn\/boletin\/wp-json\/wp\/v2\/categories?post=2191"},{"taxonomy":"post_tag","embeddable":true,"href":"https:\/\/www.andi.hn\/boletin\/wp-json\/wp\/v2\/tags?post=2191"},{"taxonomy":"cmcal_calendar","embeddable":true,"href":"https:\/\/www.andi.hn\/boletin\/wp-json\/wp\/v2\/cmcal_calendar?post=2191"}],"curies":[{"name":"wp","href":"https:\/\/api.w.org\/{rel}","templated":true}]}}