{"id":136,"date":"2019-04-11T16:04:57","date_gmt":"2019-04-11T22:04:57","guid":{"rendered":"http:\/\/www.andi.hn\/boletin\/?p=136"},"modified":"2019-04-11T16:10:27","modified_gmt":"2019-04-11T22:10:27","slug":"foro-america-central-en-la-encrucijada-contexto-socioeconomico-y-clima-de-inversion","status":"publish","type":"post","link":"https:\/\/www.andi.hn\/boletin\/foro-america-central-en-la-encrucijada-contexto-socioeconomico-y-clima-de-inversion\/","title":{"rendered":"Foro: Am\u00e9rica Central en la Encrucijada: Contexto Socioecon\u00f3mico y Clima de Inversi\u00f3n"},"content":{"rendered":"","protected":false},"excerpt":{"rendered":"","protected":false},"author":2,"featured_media":97,"comment_status":"closed","ping_status":"open","sticky":false,"template":"","format":"standard","meta":[],"categories":[19],"tags":[],"cmcal_calendar":[],"yoast_head":"<!-- This site is optimized with the Yoast SEO plugin v18.1 - https:\/\/yoast.com\/wordpress\/plugins\/seo\/ -->\n<title>Foro: Am\u00e9rica Central en la Encrucijada: Contexto Socioecon\u00f3mico y Clima de Inversi\u00f3n &raquo; ANDI<\/title>\n<meta name=\"robots\" content=\"index, follow, max-snippet:-1, max-image-preview:large, max-video-preview:-1\" \/>\n<link rel=\"canonical\" href=\"https:\/\/www.andi.hn\/boletin\/foro-america-central-en-la-encrucijada-contexto-socioeconomico-y-clima-de-inversion\/\" \/>\n<meta property=\"og:locale\" content=\"es_ES\" \/>\n<meta property=\"og:type\" content=\"article\" \/>\n<meta property=\"og:title\" content=\"Foro: Am\u00e9rica Central en la Encrucijada: Contexto Socioecon\u00f3mico y Clima de Inversi\u00f3n &raquo; ANDI\" \/>\n<meta property=\"og:url\" content=\"https:\/\/www.andi.hn\/boletin\/foro-america-central-en-la-encrucijada-contexto-socioeconomico-y-clima-de-inversion\/\" \/>\n<meta property=\"og:site_name\" content=\"ANDI\" \/>\n<meta property=\"article:published_time\" content=\"2019-04-11T22:04:57+00:00\" \/>\n<meta property=\"article:modified_time\" content=\"2019-04-11T22:10:27+00:00\" \/>\n<meta property=\"og:image\" content=\"https:\/\/www.andi.hn\/boletin\/wp-content\/uploads\/2019\/04\/foro-america-central-en-la-encrucijada.jpg\" \/>\n\t<meta property=\"og:image:width\" content=\"2480\" \/>\n\t<meta property=\"og:image:height\" content=\"1943\" \/>\n\t<meta property=\"og:image:type\" content=\"image\/jpeg\" \/>\n<meta name=\"twitter:card\" content=\"summary_large_image\" \/>\n<meta name=\"twitter:label1\" content=\"Escrito por\" \/>\n\t<meta name=\"twitter:data1\" content=\"ANDI\" \/>\n<script type=\"application\/ld+json\" class=\"yoast-schema-graph\">{\"@context\":\"https:\/\/schema.org\",\"@graph\":[{\"@type\":\"Organization\",\"@id\":\"http:\/\/www.andi.hn\/boletin\/#organization\",\"name\":\"Bolet\u00edn Industrial de Derechos Humanos\",\"url\":\"http:\/\/www.andi.hn\/boletin\/\",\"sameAs\":[],\"logo\":{\"@type\":\"ImageObject\",\"@id\":\"http:\/\/www.andi.hn\/boletin\/#logo\",\"inLanguage\":\"es\",\"url\":\"http:\/\/www.andi.hn\/boletin\/wp-content\/uploads\/2019\/04\/andi.png\",\"contentUrl\":\"http:\/\/www.andi.hn\/boletin\/wp-content\/uploads\/2019\/04\/andi.png\",\"width\":600,\"height\":315,\"caption\":\"Bolet\u00edn Industrial de Derechos Humanos\"},\"image\":{\"@id\":\"http:\/\/www.andi.hn\/boletin\/#logo\"}},{\"@type\":\"WebSite\",\"@id\":\"http:\/\/www.andi.hn\/boletin\/#website\",\"url\":\"http:\/\/www.andi.hn\/boletin\/\",\"name\":\"ANDI\",\"description\":\"Bolet\u00edn de Derechos Humanos\",\"publisher\":{\"@id\":\"http:\/\/www.andi.hn\/boletin\/#organization\"},\"potentialAction\":[{\"@type\":\"SearchAction\",\"target\":{\"@type\":\"EntryPoint\",\"urlTemplate\":\"http:\/\/www.andi.hn\/boletin\/?s={search_term_string}\"},\"query-input\":\"required name=search_term_string\"}],\"inLanguage\":\"es\"},{\"@type\":\"ImageObject\",\"@id\":\"https:\/\/www.andi.hn\/boletin\/foro-america-central-en-la-encrucijada-contexto-socioeconomico-y-clima-de-inversion\/#primaryimage\",\"inLanguage\":\"es\",\"url\":\"https:\/\/www.andi.hn\/boletin\/wp-content\/uploads\/2019\/04\/foro-america-central-en-la-encrucijada.jpg\",\"contentUrl\":\"https:\/\/www.andi.hn\/boletin\/wp-content\/uploads\/2019\/04\/foro-america-central-en-la-encrucijada.jpg\",\"width\":2480,\"height\":1943},{\"@type\":\"WebPage\",\"@id\":\"https:\/\/www.andi.hn\/boletin\/foro-america-central-en-la-encrucijada-contexto-socioeconomico-y-clima-de-inversion\/#webpage\",\"url\":\"https:\/\/www.andi.hn\/boletin\/foro-america-central-en-la-encrucijada-contexto-socioeconomico-y-clima-de-inversion\/\",\"name\":\"Foro: Am\u00e9rica Central en la Encrucijada: Contexto Socioecon\u00f3mico y Clima de Inversi\u00f3n &raquo; ANDI\",\"isPartOf\":{\"@id\":\"http:\/\/www.andi.hn\/boletin\/#website\"},\"primaryImageOfPage\":{\"@id\":\"https:\/\/www.andi.hn\/boletin\/foro-america-central-en-la-encrucijada-contexto-socioeconomico-y-clima-de-inversion\/#primaryimage\"},\"datePublished\":\"2019-04-11T22:04:57+00:00\",\"dateModified\":\"2019-04-11T22:10:27+00:00\",\"breadcrumb\":{\"@id\":\"https:\/\/www.andi.hn\/boletin\/foro-america-central-en-la-encrucijada-contexto-socioeconomico-y-clima-de-inversion\/#breadcrumb\"},\"inLanguage\":\"es\",\"potentialAction\":[{\"@type\":\"ReadAction\",\"target\":[\"https:\/\/www.andi.hn\/boletin\/foro-america-central-en-la-encrucijada-contexto-socioeconomico-y-clima-de-inversion\/\"]}]},{\"@type\":\"BreadcrumbList\",\"@id\":\"https:\/\/www.andi.hn\/boletin\/foro-america-central-en-la-encrucijada-contexto-socioeconomico-y-clima-de-inversion\/#breadcrumb\",\"itemListElement\":[{\"@type\":\"ListItem\",\"position\":1,\"name\":\"Portada\",\"item\":\"http:\/\/www.andi.hn\/boletin\/\"},{\"@type\":\"ListItem\",\"position\":2,\"name\":\"Foro: Am\u00e9rica Central en la Encrucijada: Contexto Socioecon\u00f3mico y Clima de Inversi\u00f3n\"}]},{\"@type\":\"Article\",\"@id\":\"https:\/\/www.andi.hn\/boletin\/foro-america-central-en-la-encrucijada-contexto-socioeconomico-y-clima-de-inversion\/#article\",\"isPartOf\":{\"@id\":\"https:\/\/www.andi.hn\/boletin\/foro-america-central-en-la-encrucijada-contexto-socioeconomico-y-clima-de-inversion\/#webpage\"},\"author\":{\"@id\":\"http:\/\/www.andi.hn\/boletin\/#\/schema\/person\/5f3c3f1669dba7f00c97c3c03b7c53ad\"},\"headline\":\"Foro: Am\u00e9rica Central en la Encrucijada: Contexto Socioecon\u00f3mico y Clima de Inversi\u00f3n\",\"datePublished\":\"2019-04-11T22:04:57+00:00\",\"dateModified\":\"2019-04-11T22:10:27+00:00\",\"mainEntityOfPage\":{\"@id\":\"https:\/\/www.andi.hn\/boletin\/foro-america-central-en-la-encrucijada-contexto-socioeconomico-y-clima-de-inversion\/#webpage\"},\"wordCount\":15,\"publisher\":{\"@id\":\"http:\/\/www.andi.hn\/boletin\/#organization\"},\"image\":{\"@id\":\"https:\/\/www.andi.hn\/boletin\/foro-america-central-en-la-encrucijada-contexto-socioeconomico-y-clima-de-inversion\/#primaryimage\"},\"thumbnailUrl\":\"https:\/\/www.andi.hn\/boletin\/wp-content\/uploads\/2019\/04\/foro-america-central-en-la-encrucijada.jpg\",\"articleSection\":[\"Eventos\"],\"inLanguage\":\"es\"},{\"@type\":\"Person\",\"@id\":\"http:\/\/www.andi.hn\/boletin\/#\/schema\/person\/5f3c3f1669dba7f00c97c3c03b7c53ad\",\"name\":\"ANDI\",\"image\":{\"@type\":\"ImageObject\",\"@id\":\"http:\/\/www.andi.hn\/boletin\/#personlogo\",\"inLanguage\":\"es\",\"url\":\"https:\/\/secure.gravatar.com\/avatar\/710fa2d995172397bb2b7d7eae32446b?s=96&d=mm&r=g\",\"contentUrl\":\"https:\/\/secure.gravatar.com\/avatar\/710fa2d995172397bb2b7d7eae32446b?s=96&d=mm&r=g\",\"caption\":\"ANDI\"}}]}<\/script>\n<!-- \/ Yoast SEO plugin. -->","yoast_head_json":{"title":"Foro: Am\u00e9rica Central en la Encrucijada: Contexto Socioecon\u00f3mico y Clima de Inversi\u00f3n &raquo; ANDI","robots":{"index":"index","follow":"follow","max-snippet":"max-snippet:-1","max-image-preview":"max-image-preview:large","max-video-preview":"max-video-preview:-1"},"canonical":"https:\/\/www.andi.hn\/boletin\/foro-america-central-en-la-encrucijada-contexto-socioeconomico-y-clima-de-inversion\/","og_locale":"es_ES","og_type":"article","og_title":"Foro: Am\u00e9rica Central en la Encrucijada: Contexto Socioecon\u00f3mico y Clima de Inversi\u00f3n &raquo; ANDI","og_url":"https:\/\/www.andi.hn\/boletin\/foro-america-central-en-la-encrucijada-contexto-socioeconomico-y-clima-de-inversion\/","og_site_name":"ANDI","article_published_time":"2019-04-11T22:04:57+00:00","article_modified_time":"2019-04-11T22:10:27+00:00","og_image":[{"width":2480,"height":1943,"url":"https:\/\/www.andi.hn\/boletin\/wp-content\/uploads\/2019\/04\/foro-america-central-en-la-encrucijada.jpg","type":"image\/jpeg"}],"twitter_card":"summary_large_image","twitter_misc":{"Escrito por":"ANDI"},"schema":{"@context":"https:\/\/schema.org","@graph":[{"@type":"Organization","@id":"http:\/\/www.andi.hn\/boletin\/#organization","name":"Bolet\u00edn Industrial de Derechos Humanos","url":"http:\/\/www.andi.hn\/boletin\/","sameAs":[],"logo":{"@type":"ImageObject","@id":"http:\/\/www.andi.hn\/boletin\/#logo","inLanguage":"es","url":"http:\/\/www.andi.hn\/boletin\/wp-content\/uploads\/2019\/04\/andi.png","contentUrl":"http:\/\/www.andi.hn\/boletin\/wp-content\/uploads\/2019\/04\/andi.png","width":600,"height":315,"caption":"Bolet\u00edn Industrial de Derechos Humanos"},"image":{"@id":"http:\/\/www.andi.hn\/boletin\/#logo"}},{"@type":"WebSite","@id":"http:\/\/www.andi.hn\/boletin\/#website","url":"http:\/\/www.andi.hn\/boletin\/","name":"ANDI","description":"Bolet\u00edn de Derechos Humanos","publisher":{"@id":"http:\/\/www.andi.hn\/boletin\/#organization"},"potentialAction":[{"@type":"SearchAction","target":{"@type":"EntryPoint","urlTemplate":"http:\/\/www.andi.hn\/boletin\/?s={search_term_string}"},"query-input":"required name=search_term_string"}],"inLanguage":"es"},{"@type":"ImageObject","@id":"https:\/\/www.andi.hn\/boletin\/foro-america-central-en-la-encrucijada-contexto-socioeconomico-y-clima-de-inversion\/#primaryimage","inLanguage":"es","url":"https:\/\/www.andi.hn\/boletin\/wp-content\/uploads\/2019\/04\/foro-america-central-en-la-encrucijada.jpg","contentUrl":"https:\/\/www.andi.hn\/boletin\/wp-content\/uploads\/2019\/04\/foro-america-central-en-la-encrucijada.jpg","width":2480,"height":1943},{"@type":"WebPage","@id":"https:\/\/www.andi.hn\/boletin\/foro-america-central-en-la-encrucijada-contexto-socioeconomico-y-clima-de-inversion\/#webpage","url":"https:\/\/www.andi.hn\/boletin\/foro-america-central-en-la-encrucijada-contexto-socioeconomico-y-clima-de-inversion\/","name":"Foro: Am\u00e9rica Central en la Encrucijada: Contexto Socioecon\u00f3mico y Clima de Inversi\u00f3n &raquo; ANDI","isPartOf":{"@id":"http:\/\/www.andi.hn\/boletin\/#website"},"primaryImageOfPage":{"@id":"https:\/\/www.andi.hn\/boletin\/foro-america-central-en-la-encrucijada-contexto-socioeconomico-y-clima-de-inversion\/#primaryimage"},"datePublished":"2019-04-11T22:04:57+00:00","dateModified":"2019-04-11T22:10:27+00:00","breadcrumb":{"@id":"https:\/\/www.andi.hn\/boletin\/foro-america-central-en-la-encrucijada-contexto-socioeconomico-y-clima-de-inversion\/#breadcrumb"},"inLanguage":"es","potentialAction":[{"@type":"ReadAction","target":["https:\/\/www.andi.hn\/boletin\/foro-america-central-en-la-encrucijada-contexto-socioeconomico-y-clima-de-inversion\/"]}]},{"@type":"BreadcrumbList","@id":"https:\/\/www.andi.hn\/boletin\/foro-america-central-en-la-encrucijada-contexto-socioeconomico-y-clima-de-inversion\/#breadcrumb","itemListElement":[{"@type":"ListItem","position":1,"name":"Portada","item":"http:\/\/www.andi.hn\/boletin\/"},{"@type":"ListItem","position":2,"name":"Foro: Am\u00e9rica Central en la Encrucijada: Contexto Socioecon\u00f3mico y Clima de Inversi\u00f3n"}]},{"@type":"Article","@id":"https:\/\/www.andi.hn\/boletin\/foro-america-central-en-la-encrucijada-contexto-socioeconomico-y-clima-de-inversion\/#article","isPartOf":{"@id":"https:\/\/www.andi.hn\/boletin\/foro-america-central-en-la-encrucijada-contexto-socioeconomico-y-clima-de-inversion\/#webpage"},"author":{"@id":"http:\/\/www.andi.hn\/boletin\/#\/schema\/person\/5f3c3f1669dba7f00c97c3c03b7c53ad"},"headline":"Foro: Am\u00e9rica Central en la Encrucijada: Contexto Socioecon\u00f3mico y Clima de Inversi\u00f3n","datePublished":"2019-04-11T22:04:57+00:00","dateModified":"2019-04-11T22:10:27+00:00","mainEntityOfPage":{"@id":"https:\/\/www.andi.hn\/boletin\/foro-america-central-en-la-encrucijada-contexto-socioeconomico-y-clima-de-inversion\/#webpage"},"wordCount":15,"publisher":{"@id":"http:\/\/www.andi.hn\/boletin\/#organization"},"image":{"@id":"https:\/\/www.andi.hn\/boletin\/foro-america-central-en-la-encrucijada-contexto-socioeconomico-y-clima-de-inversion\/#primaryimage"},"thumbnailUrl":"https:\/\/www.andi.hn\/boletin\/wp-content\/uploads\/2019\/04\/foro-america-central-en-la-encrucijada.jpg","articleSection":["Eventos"],"inLanguage":"es"},{"@type":"Person","@id":"http:\/\/www.andi.hn\/boletin\/#\/schema\/person\/5f3c3f1669dba7f00c97c3c03b7c53ad","name":"ANDI","image":{"@type":"ImageObject","@id":"http:\/\/www.andi.hn\/boletin\/#personlogo","inLanguage":"es","url":"https:\/\/secure.gravatar.com\/avatar\/710fa2d995172397bb2b7d7eae32446b?s=96&d=mm&r=g","contentUrl":"https:\/\/secure.gravatar.com\/avatar\/710fa2d995172397bb2b7d7eae32446b?s=96&d=mm&r=g","caption":"ANDI"}}]}},"_links":{"self":[{"href":"https:\/\/www.andi.hn\/boletin\/wp-json\/wp\/v2\/posts\/136"}],"collection":[{"href":"https:\/\/www.andi.hn\/boletin\/wp-json\/wp\/v2\/posts"}],"about":[{"href":"https:\/\/www.andi.hn\/boletin\/wp-json\/wp\/v2\/types\/post"}],"author":[{"embeddable":true,"href":"https:\/\/www.andi.hn\/boletin\/wp-json\/wp\/v2\/users\/2"}],"replies":[{"embeddable":true,"href":"https:\/\/www.andi.hn\/boletin\/wp-json\/wp\/v2\/comments?post=136"}],"version-history":[{"count":2,"href":"https:\/\/www.andi.hn\/boletin\/wp-json\/wp\/v2\/posts\/136\/revisions"}],"predecessor-version":[{"id":138,"href":"https:\/\/www.andi.hn\/boletin\/wp-json\/wp\/v2\/posts\/136\/revisions\/138"}],"wp:featuredmedia":[{"embeddable":true,"href":"https:\/\/www.andi.hn\/boletin\/wp-json\/wp\/v2\/media\/97"}],"wp:attachment":[{"href":"https:\/\/www.andi.hn\/boletin\/wp-json\/wp\/v2\/media?parent=136"}],"wp:term":[{"taxonomy":"category","embeddable":true,"href":"https:\/\/www.andi.hn\/boletin\/wp-json\/wp\/v2\/categories?post=136"},{"taxonomy":"post_tag","embeddable":true,"href":"https:\/\/www.andi.hn\/boletin\/wp-json\/wp\/v2\/tags?post=136"},{"taxonomy":"cmcal_calendar","embeddable":true,"href":"https:\/\/www.andi.hn\/boletin\/wp-json\/wp\/v2\/cmcal_calendar?post=136"}],"curies":[{"name":"wp","href":"https:\/\/api.w.org\/{rel}","templated":true}]}}