{"id":1271,"date":"2021-03-04T11:37:01","date_gmt":"2021-03-04T17:37:01","guid":{"rendered":"http:\/\/www.andi.hn\/boletin\/?p=1271"},"modified":"2021-03-04T15:00:49","modified_gmt":"2021-03-04T21:00:49","slug":"cuso-international-y-la-andi-celebraran-el-dia-internacional-de-la-mujer-con-un-foro-de-expertas-digitales","status":"publish","type":"post","link":"https:\/\/www.andi.hn\/boletin\/cuso-international-y-la-andi-celebraran-el-dia-internacional-de-la-mujer-con-un-foro-de-expertas-digitales\/","title":{"rendered":"Cuso International y la ANDI celebrar\u00e1n el d\u00eda internacional de la mujer con un Foro de expertas digitales"},"content":{"rendered":"\n<p>La pandemia de COVID-19 ha desencadenado una recesi\u00f3n global masiva. Seg\u00fan ONU Mujeres, unas&nbsp;<a href=\"https:\/\/www.ilo.org\/global\/topics\/coronavirus\/WCMS_744685\/lang--es\/index.htm\">527 millones de mujeres trabajan<\/a>&nbsp;en los cuatro sectores m\u00e1s afectados: los servicios de alojamiento y alimentaci\u00f3n; las actividades inmobiliarias, empresariales y administrativas; la manufactura; y el comercio mayorista y minorista, que no son adecuados para el trabajo a distancia.<\/p>\n\n\n\n<p>\u201cLas trabajadoras, que ya soportan desventajas del mercado relacionadas con el g\u00e9nero,&nbsp;<a href=\"https:\/\/www.unwomen.org\/-\/media\/headquarters\/attachments\/sections\/library\/publications\/2020\/policy-brief-addressing-the-economic-fallout-of-covid-19-en.pdf?la=en&amp;vs=2834\">se han visto afectadas de manera desproporcionada por situaciones de p\u00e9rdida de empleo, reducci\u00f3n de horas de trabajo y quiebra.<\/a>\u201d.<\/p>\n\n\n\n<p>Por otro lado, Covid-19 est\u00e1 acelerando la transformaci\u00f3n digital en todas las industrias, y como resultado, casi todos los trabajos postpandemia van a requerir un nivel de habilidad digital.<\/p>\n\n\n\n<p>La comunidad global tiene el deber de asegurar que equidad de g\u00e9nero es el centro de la reconstrucci\u00f3n postpandemia. Para eso, el apoyo en la alfabetizaci\u00f3n digital y el uso de tecnolog\u00edas digitales para mujeres es fundamental para promover un enfoque de g\u00e9nero en reconstruir un mundo mejor.&nbsp; &nbsp;<\/p>\n\n\n\n<p>Bajo este contexto, La Asociaci\u00f3n Nacional de Industriales ANDI y Cuso International les invita a celebrar el d\u00eda internacional de la mujer con el foro \u201cLa Mujer como l\u00edder en la era post pandemia\u201d, con fondos program\u00e1ticos de Cuso Internacional.<\/p>\n\n\n\n<p>&nbsp;&nbsp;&nbsp;&nbsp;&nbsp;&nbsp;&nbsp;&nbsp;&nbsp;&nbsp;&nbsp; Cuso Internacional es una organizaci\u00f3n de desarrollo internacional sin animo de lucro, que trabaja en Canad\u00e1 y alrededor del mundo, incluyendo Honduras, para reducir la pobreza y la desigualdad. ANDI ha sido socio de Cuso por varios a\u00f1os, logrando aportes significativos en la incorporaci\u00f3n de un enfoque de Derechos Humanos y Equidad de G\u00e9nero; y el apoyo en el fortalecimiento de capacidades empresariales.&nbsp;<\/p>\n\n\n\n<p>En los EEUU, un estudio por Harris Insights and Analytics mostro que el uso de las redes sociales incremento por un 46% durante la pandemia. Las redes sociales proveen entretenimiento y un refugio de la crisis global. Un subgrupo de emprendedoras est\u00e1n ofreciendo un sentido de comunidad para combatir la soledad del confinamiento: las \u201cinfluencers\u201d de las redes sociales.<\/p>\n\n\n\n<p>En este foro vamos a escuchar de 3 mujeres l\u00edderes que usan las redes sociales para un fuente de ingreso, &nbsp;para contarnos sobre su experiencia siendo mujeres emprendedores y los retos durante la pandemia covid-19.&nbsp; El objetivo de este intercambio de experiencias es motivar a las mujeres emprendedoras para alcanzar sus metas, utilizando las redes sociales como otra herramienta para el \u00e9xito.  \u00danete el lunes 8 de marzo por Zoom o Facebook live.  <\/p>\n\n\n\n<figure class=\"wp-block-image size-large\"><img loading=\"lazy\" width=\"819\" height=\"1024\" src=\"http:\/\/www.andi.hn\/boletin\/wp-content\/uploads\/2021\/03\/WhatsApp-Image-2021-03-03-at-1.26.50-PM-819x1024.jpeg\" alt=\"\" class=\"wp-image-1272\" srcset=\"https:\/\/www.andi.hn\/boletin\/wp-content\/uploads\/2021\/03\/WhatsApp-Image-2021-03-03-at-1.26.50-PM-819x1024.jpeg 819w, https:\/\/www.andi.hn\/boletin\/wp-content\/uploads\/2021\/03\/WhatsApp-Image-2021-03-03-at-1.26.50-PM-240x300.jpeg 240w, https:\/\/www.andi.hn\/boletin\/wp-content\/uploads\/2021\/03\/WhatsApp-Image-2021-03-03-at-1.26.50-PM-768x960.jpeg 768w, https:\/\/www.andi.hn\/boletin\/wp-content\/uploads\/2021\/03\/WhatsApp-Image-2021-03-03-at-1.26.50-PM.jpeg 1024w\" sizes=\"(max-width: 819px) 100vw, 819px\" \/><\/figure>\n","protected":false},"excerpt":{"rendered":"<p>El objetivo de este intercambio de experiencias es motivar a las mujeres emprendedoras para alcanzar sus metas, utilizando las redes sociales como otra herramienta para el \u00e9xito.  \u00danete el lunes 8 de marzo por Zoom o Facebook live.  <\/p>\n","protected":false},"author":4,"featured_media":1272,"comment_status":"closed","ping_status":"open","sticky":false,"template":"","format":"standard","meta":[],"categories":[19,2],"tags":[77,76,122,108,29,121],"cmcal_calendar":[],"yoast_head":"<!-- This site is optimized with the Yoast SEO plugin v18.1 - https:\/\/yoast.com\/wordpress\/plugins\/seo\/ -->\n<title>Cuso International y la ANDI celebrar\u00e1n el d\u00eda internacional de la mujer con un Foro de expertas digitales &raquo; ANDI<\/title>\n<meta name=\"robots\" content=\"index, follow, max-snippet:-1, max-image-preview:large, max-video-preview:-1\" \/>\n<link rel=\"canonical\" href=\"https:\/\/www.andi.hn\/boletin\/cuso-international-y-la-andi-celebraran-el-dia-internacional-de-la-mujer-con-un-foro-de-expertas-digitales\/\" \/>\n<meta property=\"og:locale\" content=\"es_ES\" \/>\n<meta property=\"og:type\" content=\"article\" \/>\n<meta property=\"og:title\" content=\"Cuso International y la ANDI celebrar\u00e1n el d\u00eda internacional de la mujer con un Foro de expertas digitales &raquo; ANDI\" \/>\n<meta property=\"og:description\" content=\"El objetivo de este intercambio de experiencias es motivar a las mujeres emprendedoras para alcanzar sus metas, utilizando las redes sociales como otra herramienta para el \u00e9xito. \u00danete el lunes 8 de marzo por Zoom o Facebook live.\" \/>\n<meta property=\"og:url\" content=\"https:\/\/www.andi.hn\/boletin\/cuso-international-y-la-andi-celebraran-el-dia-internacional-de-la-mujer-con-un-foro-de-expertas-digitales\/\" \/>\n<meta property=\"og:site_name\" content=\"ANDI\" \/>\n<meta property=\"article:published_time\" content=\"2021-03-04T17:37:01+00:00\" \/>\n<meta property=\"article:modified_time\" content=\"2021-03-04T21:00:49+00:00\" \/>\n<meta property=\"og:image\" content=\"https:\/\/www.andi.hn\/boletin\/wp-content\/uploads\/2021\/03\/WhatsApp-Image-2021-03-03-at-1.26.50-PM.jpeg\" \/>\n\t<meta property=\"og:image:width\" content=\"1024\" \/>\n\t<meta property=\"og:image:height\" content=\"1280\" \/>\n\t<meta property=\"og:image:type\" content=\"image\/jpeg\" \/>\n<meta name=\"twitter:card\" content=\"summary_large_image\" \/>\n<meta name=\"twitter:label1\" content=\"Escrito por\" \/>\n\t<meta name=\"twitter:data1\" content=\"Derechos Humanos\" \/>\n\t<meta name=\"twitter:label2\" content=\"Tiempo de lectura\" \/>\n\t<meta name=\"twitter:data2\" content=\"2 minutos\" \/>\n<script type=\"application\/ld+json\" class=\"yoast-schema-graph\">{\"@context\":\"https:\/\/schema.org\",\"@graph\":[{\"@type\":\"Organization\",\"@id\":\"http:\/\/www.andi.hn\/boletin\/#organization\",\"name\":\"Bolet\u00edn Industrial de Derechos Humanos\",\"url\":\"http:\/\/www.andi.hn\/boletin\/\",\"sameAs\":[],\"logo\":{\"@type\":\"ImageObject\",\"@id\":\"http:\/\/www.andi.hn\/boletin\/#logo\",\"inLanguage\":\"es\",\"url\":\"http:\/\/www.andi.hn\/boletin\/wp-content\/uploads\/2019\/04\/andi.png\",\"contentUrl\":\"http:\/\/www.andi.hn\/boletin\/wp-content\/uploads\/2019\/04\/andi.png\",\"width\":600,\"height\":315,\"caption\":\"Bolet\u00edn Industrial de Derechos Humanos\"},\"image\":{\"@id\":\"http:\/\/www.andi.hn\/boletin\/#logo\"}},{\"@type\":\"WebSite\",\"@id\":\"http:\/\/www.andi.hn\/boletin\/#website\",\"url\":\"http:\/\/www.andi.hn\/boletin\/\",\"name\":\"ANDI\",\"description\":\"Bolet\u00edn de Derechos Humanos\",\"publisher\":{\"@id\":\"http:\/\/www.andi.hn\/boletin\/#organization\"},\"potentialAction\":[{\"@type\":\"SearchAction\",\"target\":{\"@type\":\"EntryPoint\",\"urlTemplate\":\"http:\/\/www.andi.hn\/boletin\/?s={search_term_string}\"},\"query-input\":\"required name=search_term_string\"}],\"inLanguage\":\"es\"},{\"@type\":\"ImageObject\",\"@id\":\"https:\/\/www.andi.hn\/boletin\/cuso-international-y-la-andi-celebraran-el-dia-internacional-de-la-mujer-con-un-foro-de-expertas-digitales\/#primaryimage\",\"inLanguage\":\"es\",\"url\":\"https:\/\/www.andi.hn\/boletin\/wp-content\/uploads\/2021\/03\/WhatsApp-Image-2021-03-03-at-1.26.50-PM.jpeg\",\"contentUrl\":\"https:\/\/www.andi.hn\/boletin\/wp-content\/uploads\/2021\/03\/WhatsApp-Image-2021-03-03-at-1.26.50-PM.jpeg\",\"width\":1024,\"height\":1280},{\"@type\":\"WebPage\",\"@id\":\"https:\/\/www.andi.hn\/boletin\/cuso-international-y-la-andi-celebraran-el-dia-internacional-de-la-mujer-con-un-foro-de-expertas-digitales\/#webpage\",\"url\":\"https:\/\/www.andi.hn\/boletin\/cuso-international-y-la-andi-celebraran-el-dia-internacional-de-la-mujer-con-un-foro-de-expertas-digitales\/\",\"name\":\"Cuso International y la ANDI celebrar\u00e1n el d\u00eda internacional de la mujer con un Foro de expertas digitales &raquo; ANDI\",\"isPartOf\":{\"@id\":\"http:\/\/www.andi.hn\/boletin\/#website\"},\"primaryImageOfPage\":{\"@id\":\"https:\/\/www.andi.hn\/boletin\/cuso-international-y-la-andi-celebraran-el-dia-internacional-de-la-mujer-con-un-foro-de-expertas-digitales\/#primaryimage\"},\"datePublished\":\"2021-03-04T17:37:01+00:00\",\"dateModified\":\"2021-03-04T21:00:49+00:00\",\"breadcrumb\":{\"@id\":\"https:\/\/www.andi.hn\/boletin\/cuso-international-y-la-andi-celebraran-el-dia-internacional-de-la-mujer-con-un-foro-de-expertas-digitales\/#breadcrumb\"},\"inLanguage\":\"es\",\"potentialAction\":[{\"@type\":\"ReadAction\",\"target\":[\"https:\/\/www.andi.hn\/boletin\/cuso-international-y-la-andi-celebraran-el-dia-internacional-de-la-mujer-con-un-foro-de-expertas-digitales\/\"]}]},{\"@type\":\"BreadcrumbList\",\"@id\":\"https:\/\/www.andi.hn\/boletin\/cuso-international-y-la-andi-celebraran-el-dia-internacional-de-la-mujer-con-un-foro-de-expertas-digitales\/#breadcrumb\",\"itemListElement\":[{\"@type\":\"ListItem\",\"position\":1,\"name\":\"Portada\",\"item\":\"http:\/\/www.andi.hn\/boletin\/\"},{\"@type\":\"ListItem\",\"position\":2,\"name\":\"Cuso International y la ANDI celebrar\u00e1n el d\u00eda internacional de la mujer con un Foro de expertas digitales\"}]},{\"@type\":\"Article\",\"@id\":\"https:\/\/www.andi.hn\/boletin\/cuso-international-y-la-andi-celebraran-el-dia-internacional-de-la-mujer-con-un-foro-de-expertas-digitales\/#article\",\"isPartOf\":{\"@id\":\"https:\/\/www.andi.hn\/boletin\/cuso-international-y-la-andi-celebraran-el-dia-internacional-de-la-mujer-con-un-foro-de-expertas-digitales\/#webpage\"},\"author\":{\"@id\":\"http:\/\/www.andi.hn\/boletin\/#\/schema\/person\/0cd2482cce7cd12fe53d96eb60327d6e\"},\"headline\":\"Cuso International y la ANDI celebrar\u00e1n el d\u00eda internacional de la mujer con un Foro de expertas digitales\",\"datePublished\":\"2021-03-04T17:37:01+00:00\",\"dateModified\":\"2021-03-04T21:00:49+00:00\",\"mainEntityOfPage\":{\"@id\":\"https:\/\/www.andi.hn\/boletin\/cuso-international-y-la-andi-celebraran-el-dia-internacional-de-la-mujer-con-un-foro-de-expertas-digitales\/#webpage\"},\"wordCount\":456,\"publisher\":{\"@id\":\"http:\/\/www.andi.hn\/boletin\/#organization\"},\"image\":{\"@id\":\"https:\/\/www.andi.hn\/boletin\/cuso-international-y-la-andi-celebraran-el-dia-internacional-de-la-mujer-con-un-foro-de-expertas-digitales\/#primaryimage\"},\"thumbnailUrl\":\"https:\/\/www.andi.hn\/boletin\/wp-content\/uploads\/2021\/03\/WhatsApp-Image-2021-03-03-at-1.26.50-PM.jpeg\",\"keywords\":[\"ANDI\",\"Derechos Humanos y Empresas\",\"Febrero-2021\",\"mujeres\",\"ODS\",\"tecnolog\u00eda\"],\"articleSection\":[\"Eventos\",\"Noticias\"],\"inLanguage\":\"es\"},{\"@type\":\"Person\",\"@id\":\"http:\/\/www.andi.hn\/boletin\/#\/schema\/person\/0cd2482cce7cd12fe53d96eb60327d6e\",\"name\":\"Derechos Humanos\",\"image\":{\"@type\":\"ImageObject\",\"@id\":\"http:\/\/www.andi.hn\/boletin\/#personlogo\",\"inLanguage\":\"es\",\"url\":\"https:\/\/secure.gravatar.com\/avatar\/cdbd75e42071ef3a3327ae8290f5bb36?s=96&d=mm&r=g\",\"contentUrl\":\"https:\/\/secure.gravatar.com\/avatar\/cdbd75e42071ef3a3327ae8290f5bb36?s=96&d=mm&r=g\",\"caption\":\"Derechos Humanos\"}}]}<\/script>\n<!-- \/ Yoast SEO plugin. -->","yoast_head_json":{"title":"Cuso International y la ANDI celebrar\u00e1n el d\u00eda internacional de la mujer con un Foro de expertas digitales &raquo; ANDI","robots":{"index":"index","follow":"follow","max-snippet":"max-snippet:-1","max-image-preview":"max-image-preview:large","max-video-preview":"max-video-preview:-1"},"canonical":"https:\/\/www.andi.hn\/boletin\/cuso-international-y-la-andi-celebraran-el-dia-internacional-de-la-mujer-con-un-foro-de-expertas-digitales\/","og_locale":"es_ES","og_type":"article","og_title":"Cuso International y la ANDI celebrar\u00e1n el d\u00eda internacional de la mujer con un Foro de expertas digitales &raquo; ANDI","og_description":"El objetivo de este intercambio de experiencias es motivar a las mujeres emprendedoras para alcanzar sus metas, utilizando las redes sociales como otra herramienta para el \u00e9xito. \u00danete el lunes 8 de marzo por Zoom o Facebook live.","og_url":"https:\/\/www.andi.hn\/boletin\/cuso-international-y-la-andi-celebraran-el-dia-internacional-de-la-mujer-con-un-foro-de-expertas-digitales\/","og_site_name":"ANDI","article_published_time":"2021-03-04T17:37:01+00:00","article_modified_time":"2021-03-04T21:00:49+00:00","og_image":[{"width":1024,"height":1280,"url":"https:\/\/www.andi.hn\/boletin\/wp-content\/uploads\/2021\/03\/WhatsApp-Image-2021-03-03-at-1.26.50-PM.jpeg","type":"image\/jpeg"}],"twitter_card":"summary_large_image","twitter_misc":{"Escrito por":"Derechos Humanos","Tiempo de lectura":"2 minutos"},"schema":{"@context":"https:\/\/schema.org","@graph":[{"@type":"Organization","@id":"http:\/\/www.andi.hn\/boletin\/#organization","name":"Bolet\u00edn Industrial de Derechos Humanos","url":"http:\/\/www.andi.hn\/boletin\/","sameAs":[],"logo":{"@type":"ImageObject","@id":"http:\/\/www.andi.hn\/boletin\/#logo","inLanguage":"es","url":"http:\/\/www.andi.hn\/boletin\/wp-content\/uploads\/2019\/04\/andi.png","contentUrl":"http:\/\/www.andi.hn\/boletin\/wp-content\/uploads\/2019\/04\/andi.png","width":600,"height":315,"caption":"Bolet\u00edn Industrial de Derechos Humanos"},"image":{"@id":"http:\/\/www.andi.hn\/boletin\/#logo"}},{"@type":"WebSite","@id":"http:\/\/www.andi.hn\/boletin\/#website","url":"http:\/\/www.andi.hn\/boletin\/","name":"ANDI","description":"Bolet\u00edn de Derechos Humanos","publisher":{"@id":"http:\/\/www.andi.hn\/boletin\/#organization"},"potentialAction":[{"@type":"SearchAction","target":{"@type":"EntryPoint","urlTemplate":"http:\/\/www.andi.hn\/boletin\/?s={search_term_string}"},"query-input":"required name=search_term_string"}],"inLanguage":"es"},{"@type":"ImageObject","@id":"https:\/\/www.andi.hn\/boletin\/cuso-international-y-la-andi-celebraran-el-dia-internacional-de-la-mujer-con-un-foro-de-expertas-digitales\/#primaryimage","inLanguage":"es","url":"https:\/\/www.andi.hn\/boletin\/wp-content\/uploads\/2021\/03\/WhatsApp-Image-2021-03-03-at-1.26.50-PM.jpeg","contentUrl":"https:\/\/www.andi.hn\/boletin\/wp-content\/uploads\/2021\/03\/WhatsApp-Image-2021-03-03-at-1.26.50-PM.jpeg","width":1024,"height":1280},{"@type":"WebPage","@id":"https:\/\/www.andi.hn\/boletin\/cuso-international-y-la-andi-celebraran-el-dia-internacional-de-la-mujer-con-un-foro-de-expertas-digitales\/#webpage","url":"https:\/\/www.andi.hn\/boletin\/cuso-international-y-la-andi-celebraran-el-dia-internacional-de-la-mujer-con-un-foro-de-expertas-digitales\/","name":"Cuso International y la ANDI celebrar\u00e1n el d\u00eda internacional de la mujer con un Foro de expertas digitales &raquo; ANDI","isPartOf":{"@id":"http:\/\/www.andi.hn\/boletin\/#website"},"primaryImageOfPage":{"@id":"https:\/\/www.andi.hn\/boletin\/cuso-international-y-la-andi-celebraran-el-dia-internacional-de-la-mujer-con-un-foro-de-expertas-digitales\/#primaryimage"},"datePublished":"2021-03-04T17:37:01+00:00","dateModified":"2021-03-04T21:00:49+00:00","breadcrumb":{"@id":"https:\/\/www.andi.hn\/boletin\/cuso-international-y-la-andi-celebraran-el-dia-internacional-de-la-mujer-con-un-foro-de-expertas-digitales\/#breadcrumb"},"inLanguage":"es","potentialAction":[{"@type":"ReadAction","target":["https:\/\/www.andi.hn\/boletin\/cuso-international-y-la-andi-celebraran-el-dia-internacional-de-la-mujer-con-un-foro-de-expertas-digitales\/"]}]},{"@type":"BreadcrumbList","@id":"https:\/\/www.andi.hn\/boletin\/cuso-international-y-la-andi-celebraran-el-dia-internacional-de-la-mujer-con-un-foro-de-expertas-digitales\/#breadcrumb","itemListElement":[{"@type":"ListItem","position":1,"name":"Portada","item":"http:\/\/www.andi.hn\/boletin\/"},{"@type":"ListItem","position":2,"name":"Cuso International y la ANDI celebrar\u00e1n el d\u00eda internacional de la mujer con un Foro de expertas digitales"}]},{"@type":"Article","@id":"https:\/\/www.andi.hn\/boletin\/cuso-international-y-la-andi-celebraran-el-dia-internacional-de-la-mujer-con-un-foro-de-expertas-digitales\/#article","isPartOf":{"@id":"https:\/\/www.andi.hn\/boletin\/cuso-international-y-la-andi-celebraran-el-dia-internacional-de-la-mujer-con-un-foro-de-expertas-digitales\/#webpage"},"author":{"@id":"http:\/\/www.andi.hn\/boletin\/#\/schema\/person\/0cd2482cce7cd12fe53d96eb60327d6e"},"headline":"Cuso International y la ANDI celebrar\u00e1n el d\u00eda internacional de la mujer con un Foro de expertas digitales","datePublished":"2021-03-04T17:37:01+00:00","dateModified":"2021-03-04T21:00:49+00:00","mainEntityOfPage":{"@id":"https:\/\/www.andi.hn\/boletin\/cuso-international-y-la-andi-celebraran-el-dia-internacional-de-la-mujer-con-un-foro-de-expertas-digitales\/#webpage"},"wordCount":456,"publisher":{"@id":"http:\/\/www.andi.hn\/boletin\/#organization"},"image":{"@id":"https:\/\/www.andi.hn\/boletin\/cuso-international-y-la-andi-celebraran-el-dia-internacional-de-la-mujer-con-un-foro-de-expertas-digitales\/#primaryimage"},"thumbnailUrl":"https:\/\/www.andi.hn\/boletin\/wp-content\/uploads\/2021\/03\/WhatsApp-Image-2021-03-03-at-1.26.50-PM.jpeg","keywords":["ANDI","Derechos Humanos y Empresas","Febrero-2021","mujeres","ODS","tecnolog\u00eda"],"articleSection":["Eventos","Noticias"],"inLanguage":"es"},{"@type":"Person","@id":"http:\/\/www.andi.hn\/boletin\/#\/schema\/person\/0cd2482cce7cd12fe53d96eb60327d6e","name":"Derechos Humanos","image":{"@type":"ImageObject","@id":"http:\/\/www.andi.hn\/boletin\/#personlogo","inLanguage":"es","url":"https:\/\/secure.gravatar.com\/avatar\/cdbd75e42071ef3a3327ae8290f5bb36?s=96&d=mm&r=g","contentUrl":"https:\/\/secure.gravatar.com\/avatar\/cdbd75e42071ef3a3327ae8290f5bb36?s=96&d=mm&r=g","caption":"Derechos Humanos"}}]}},"_links":{"self":[{"href":"https:\/\/www.andi.hn\/boletin\/wp-json\/wp\/v2\/posts\/1271"}],"collection":[{"href":"https:\/\/www.andi.hn\/boletin\/wp-json\/wp\/v2\/posts"}],"about":[{"href":"https:\/\/www.andi.hn\/boletin\/wp-json\/wp\/v2\/types\/post"}],"author":[{"embeddable":true,"href":"https:\/\/www.andi.hn\/boletin\/wp-json\/wp\/v2\/users\/4"}],"replies":[{"embeddable":true,"href":"https:\/\/www.andi.hn\/boletin\/wp-json\/wp\/v2\/comments?post=1271"}],"version-history":[{"count":4,"href":"https:\/\/www.andi.hn\/boletin\/wp-json\/wp\/v2\/posts\/1271\/revisions"}],"predecessor-version":[{"id":1286,"href":"https:\/\/www.andi.hn\/boletin\/wp-json\/wp\/v2\/posts\/1271\/revisions\/1286"}],"wp:featuredmedia":[{"embeddable":true,"href":"https:\/\/www.andi.hn\/boletin\/wp-json\/wp\/v2\/media\/1272"}],"wp:attachment":[{"href":"https:\/\/www.andi.hn\/boletin\/wp-json\/wp\/v2\/media?parent=1271"}],"wp:term":[{"taxonomy":"category","embeddable":true,"href":"https:\/\/www.andi.hn\/boletin\/wp-json\/wp\/v2\/categories?post=1271"},{"taxonomy":"post_tag","embeddable":true,"href":"https:\/\/www.andi.hn\/boletin\/wp-json\/wp\/v2\/tags?post=1271"},{"taxonomy":"cmcal_calendar","embeddable":true,"href":"https:\/\/www.andi.hn\/boletin\/wp-json\/wp\/v2\/cmcal_calendar?post=1271"}],"curies":[{"name":"wp","href":"https:\/\/api.w.org\/{rel}","templated":true}]}}