{"id":656,"date":"2019-09-16T23:33:11","date_gmt":"2019-09-17T05:33:11","guid":{"rendered":"http:\/\/www.andi.hn\/boletin\/?p=656"},"modified":"2022-08-05T22:31:20","modified_gmt":"2022-08-06T04:31:20","slug":"talleres-estrategicos-de-derechos-humanos-e-industria-por-andi","status":"publish","type":"post","link":"http:\/\/www.andi.hn\/boletin\/talleres-estrategicos-de-derechos-humanos-e-industria-por-andi\/","title":{"rendered":"Talleres estrat\u00e9gicos de Derechos Humanos e Industria por ANDI &#8211; Tegucigalpa."},"content":{"rendered":"\n<p> ANDI en el marco del proyecto \u201cPlan de Acci\u00f3n de Industria y Derechos Humanos\u201d, (PANIDDHH) desarroll\u00f3 una serie de talleres de an\u00e1lisis FODA con miembros del Comit\u00e9 Industrial de Derechos Humanos y juntas regionales de la ANDI, con objetivo de buscar estrategias para la promoci\u00f3n y el respeto de los Derechos Humanos en la actividad industrial del pa\u00eds, este taller fue realizado en la ciudad de Tegucigalpa.  <\/p>\n\n\n\n<ul class=\"wp-block-gallery columns-3 is-cropped\"><li class=\"blocks-gallery-item\"><figure><img loading=\"lazy\" width=\"1024\" height=\"683\" src=\"http:\/\/www.andi.hn\/boletin\/wp-content\/uploads\/2019\/09\/Taller-TGU-1-1024x683.jpg\" alt=\"\" data-id=\"657\" data-link=\"http:\/\/www.andi.hn\/boletin\/?attachment_id=657\" class=\"wp-image-657\" srcset=\"http:\/\/www.andi.hn\/boletin\/wp-content\/uploads\/2019\/09\/Taller-TGU-1-1024x683.jpg 1024w, http:\/\/www.andi.hn\/boletin\/wp-content\/uploads\/2019\/09\/Taller-TGU-1-300x200.jpg 300w, http:\/\/www.andi.hn\/boletin\/wp-content\/uploads\/2019\/09\/Taller-TGU-1-768x512.jpg 768w, http:\/\/www.andi.hn\/boletin\/wp-content\/uploads\/2019\/09\/Taller-TGU-1-270x180.jpg 270w, http:\/\/www.andi.hn\/boletin\/wp-content\/uploads\/2019\/09\/Taller-TGU-1-770x515.jpg 770w\" sizes=\"(max-width: 1024px) 100vw, 1024px\" \/><\/figure><\/li><li class=\"blocks-gallery-item\"><figure><img loading=\"lazy\" width=\"1024\" height=\"683\" src=\"http:\/\/www.andi.hn\/boletin\/wp-content\/uploads\/2019\/09\/Taller-TGU-2-1024x683.jpg\" alt=\"\" data-id=\"658\" data-link=\"http:\/\/www.andi.hn\/boletin\/?attachment_id=658\" class=\"wp-image-658\" srcset=\"http:\/\/www.andi.hn\/boletin\/wp-content\/uploads\/2019\/09\/Taller-TGU-2-1024x683.jpg 1024w, http:\/\/www.andi.hn\/boletin\/wp-content\/uploads\/2019\/09\/Taller-TGU-2-300x200.jpg 300w, http:\/\/www.andi.hn\/boletin\/wp-content\/uploads\/2019\/09\/Taller-TGU-2-768x512.jpg 768w, http:\/\/www.andi.hn\/boletin\/wp-content\/uploads\/2019\/09\/Taller-TGU-2-270x180.jpg 270w, http:\/\/www.andi.hn\/boletin\/wp-content\/uploads\/2019\/09\/Taller-TGU-2-770x515.jpg 770w\" sizes=\"(max-width: 1024px) 100vw, 1024px\" \/><\/figure><\/li><li class=\"blocks-gallery-item\"><figure><img loading=\"lazy\" width=\"1024\" height=\"683\" src=\"http:\/\/www.andi.hn\/boletin\/wp-content\/uploads\/2019\/09\/Taller-TGU-3-1024x683.jpg\" alt=\"\" data-id=\"659\" data-link=\"http:\/\/www.andi.hn\/boletin\/?attachment_id=659\" class=\"wp-image-659\" srcset=\"http:\/\/www.andi.hn\/boletin\/wp-content\/uploads\/2019\/09\/Taller-TGU-3-1024x683.jpg 1024w, http:\/\/www.andi.hn\/boletin\/wp-content\/uploads\/2019\/09\/Taller-TGU-3-300x200.jpg 300w, http:\/\/www.andi.hn\/boletin\/wp-content\/uploads\/2019\/09\/Taller-TGU-3-768x512.jpg 768w, http:\/\/www.andi.hn\/boletin\/wp-content\/uploads\/2019\/09\/Taller-TGU-3-270x180.jpg 270w, http:\/\/www.andi.hn\/boletin\/wp-content\/uploads\/2019\/09\/Taller-TGU-3-770x515.jpg 770w\" sizes=\"(max-width: 1024px) 100vw, 1024px\" \/><\/figure><\/li><li class=\"blocks-gallery-item\"><figure><img loading=\"lazy\" width=\"1024\" height=\"683\" src=\"http:\/\/www.andi.hn\/boletin\/wp-content\/uploads\/2019\/09\/Taller-TGU-4-1024x683.jpg\" alt=\"\" data-id=\"660\" data-link=\"http:\/\/www.andi.hn\/boletin\/?attachment_id=660\" class=\"wp-image-660\" srcset=\"http:\/\/www.andi.hn\/boletin\/wp-content\/uploads\/2019\/09\/Taller-TGU-4-1024x683.jpg 1024w, http:\/\/www.andi.hn\/boletin\/wp-content\/uploads\/2019\/09\/Taller-TGU-4-300x200.jpg 300w, http:\/\/www.andi.hn\/boletin\/wp-content\/uploads\/2019\/09\/Taller-TGU-4-768x512.jpg 768w, http:\/\/www.andi.hn\/boletin\/wp-content\/uploads\/2019\/09\/Taller-TGU-4-270x180.jpg 270w, http:\/\/www.andi.hn\/boletin\/wp-content\/uploads\/2019\/09\/Taller-TGU-4-770x515.jpg 770w\" sizes=\"(max-width: 1024px) 100vw, 1024px\" \/><\/figure><\/li><li class=\"blocks-gallery-item\"><figure><img loading=\"lazy\" width=\"1024\" height=\"683\" src=\"http:\/\/www.andi.hn\/boletin\/wp-content\/uploads\/2019\/09\/Taller-TGU-5-1024x683.jpg\" alt=\"\" data-id=\"661\" data-link=\"http:\/\/www.andi.hn\/boletin\/?attachment_id=661\" class=\"wp-image-661\" srcset=\"http:\/\/www.andi.hn\/boletin\/wp-content\/uploads\/2019\/09\/Taller-TGU-5-1024x683.jpg 1024w, http:\/\/www.andi.hn\/boletin\/wp-content\/uploads\/2019\/09\/Taller-TGU-5-300x200.jpg 300w, http:\/\/www.andi.hn\/boletin\/wp-content\/uploads\/2019\/09\/Taller-TGU-5-768x512.jpg 768w, http:\/\/www.andi.hn\/boletin\/wp-content\/uploads\/2019\/09\/Taller-TGU-5-270x180.jpg 270w, http:\/\/www.andi.hn\/boletin\/wp-content\/uploads\/2019\/09\/Taller-TGU-5-770x515.jpg 770w\" sizes=\"(max-width: 1024px) 100vw, 1024px\" \/><\/figure><\/li><li class=\"blocks-gallery-item\"><figure><img loading=\"lazy\" width=\"1024\" height=\"683\" src=\"http:\/\/www.andi.hn\/boletin\/wp-content\/uploads\/2019\/09\/Taller-TGU-6-1024x683.jpg\" alt=\"\" data-id=\"662\" data-link=\"http:\/\/www.andi.hn\/boletin\/?attachment_id=662\" class=\"wp-image-662\" srcset=\"http:\/\/www.andi.hn\/boletin\/wp-content\/uploads\/2019\/09\/Taller-TGU-6-1024x683.jpg 1024w, http:\/\/www.andi.hn\/boletin\/wp-content\/uploads\/2019\/09\/Taller-TGU-6-300x200.jpg 300w, http:\/\/www.andi.hn\/boletin\/wp-content\/uploads\/2019\/09\/Taller-TGU-6-768x512.jpg 768w, http:\/\/www.andi.hn\/boletin\/wp-content\/uploads\/2019\/09\/Taller-TGU-6-270x180.jpg 270w, http:\/\/www.andi.hn\/boletin\/wp-content\/uploads\/2019\/09\/Taller-TGU-6-770x515.jpg 770w\" sizes=\"(max-width: 1024px) 100vw, 1024px\" \/><\/figure><\/li><li class=\"blocks-gallery-item\"><figure><img loading=\"lazy\" width=\"1024\" height=\"683\" src=\"http:\/\/www.andi.hn\/boletin\/wp-content\/uploads\/2019\/09\/Taller-TGU-7-1024x683.jpg\" alt=\"\" data-id=\"663\" data-link=\"http:\/\/www.andi.hn\/boletin\/?attachment_id=663\" class=\"wp-image-663\" srcset=\"http:\/\/www.andi.hn\/boletin\/wp-content\/uploads\/2019\/09\/Taller-TGU-7-1024x683.jpg 1024w, http:\/\/www.andi.hn\/boletin\/wp-content\/uploads\/2019\/09\/Taller-TGU-7-300x200.jpg 300w, http:\/\/www.andi.hn\/boletin\/wp-content\/uploads\/2019\/09\/Taller-TGU-7-768x512.jpg 768w, http:\/\/www.andi.hn\/boletin\/wp-content\/uploads\/2019\/09\/Taller-TGU-7-270x180.jpg 270w, http:\/\/www.andi.hn\/boletin\/wp-content\/uploads\/2019\/09\/Taller-TGU-7-770x515.jpg 770w\" sizes=\"(max-width: 1024px) 100vw, 1024px\" \/><\/figure><\/li><li class=\"blocks-gallery-item\"><figure><img loading=\"lazy\" width=\"1024\" height=\"683\" src=\"http:\/\/www.andi.hn\/boletin\/wp-content\/uploads\/2019\/09\/Taller-TGU-8-1024x683.jpg\" alt=\"\" data-id=\"664\" data-link=\"http:\/\/www.andi.hn\/boletin\/?attachment_id=664\" class=\"wp-image-664\" srcset=\"http:\/\/www.andi.hn\/boletin\/wp-content\/uploads\/2019\/09\/Taller-TGU-8-1024x683.jpg 1024w, http:\/\/www.andi.hn\/boletin\/wp-content\/uploads\/2019\/09\/Taller-TGU-8-300x200.jpg 300w, http:\/\/www.andi.hn\/boletin\/wp-content\/uploads\/2019\/09\/Taller-TGU-8-768x512.jpg 768w, http:\/\/www.andi.hn\/boletin\/wp-content\/uploads\/2019\/09\/Taller-TGU-8-270x180.jpg 270w, http:\/\/www.andi.hn\/boletin\/wp-content\/uploads\/2019\/09\/Taller-TGU-8-770x515.jpg 770w\" sizes=\"(max-width: 1024px) 100vw, 1024px\" \/><\/figure><\/li><\/ul>\n","protected":false},"excerpt":{"rendered":"<p>ANDI en el marco del proyecto \u201cPlan de Acci\u00f3n de Industria y Derechos Humanos\u201d, (PANIDDHH) desarroll\u00f3 una serie de talleres de an\u00e1lisis FODA con miembros del Comit\u00e9 Industrial de Derechos Humanos y juntas regionales de la ANDI, con objetivo de buscar estrategias para la promoci\u00f3n y el respeto de los Derechos Humanos en la actividad<\/p>\n","protected":false},"author":3,"featured_media":661,"comment_status":"closed","ping_status":"open","sticky":false,"template":"","format":"gallery","meta":[],"categories":[19,13],"tags":[52,31,3,30,12,11,29,4,28,63,62],"cmcal_calendar":[145],"yoast_head":"<!-- This site is optimized with the Yoast SEO plugin v18.1 - https:\/\/yoast.com\/wordpress\/plugins\/seo\/ -->\n<title>Talleres estrat\u00e9gicos de Derechos Humanos e Industria por ANDI - Tegucigalpa. &raquo; ANDI<\/title>\n<meta name=\"robots\" content=\"index, follow, max-snippet:-1, max-image-preview:large, max-video-preview:-1\" \/>\n<link rel=\"canonical\" href=\"http:\/\/www.andi.hn\/boletin\/talleres-estrategicos-de-derechos-humanos-e-industria-por-andi\/\" \/>\n<meta property=\"og:locale\" content=\"es_ES\" \/>\n<meta property=\"og:type\" content=\"article\" \/>\n<meta property=\"og:title\" content=\"Talleres estrat\u00e9gicos de Derechos Humanos e Industria por ANDI - Tegucigalpa. &raquo; ANDI\" \/>\n<meta property=\"og:description\" content=\"ANDI en el marco del proyecto \u201cPlan de Acci\u00f3n de Industria y Derechos Humanos\u201d, (PANIDDHH) desarroll\u00f3 una serie de talleres de an\u00e1lisis FODA con miembros del Comit\u00e9 Industrial de Derechos Humanos y juntas regionales de la ANDI, con objetivo de buscar estrategias para la promoci\u00f3n y el respeto de los Derechos Humanos en la actividad\" \/>\n<meta property=\"og:url\" content=\"http:\/\/www.andi.hn\/boletin\/talleres-estrategicos-de-derechos-humanos-e-industria-por-andi\/\" \/>\n<meta property=\"og:site_name\" content=\"ANDI\" \/>\n<meta property=\"article:published_time\" content=\"2019-09-17T05:33:11+00:00\" \/>\n<meta property=\"article:modified_time\" content=\"2022-08-06T04:31:20+00:00\" \/>\n<meta property=\"og:image\" content=\"http:\/\/www.andi.hn\/boletin\/wp-content\/uploads\/2019\/09\/Taller-TGU-5.jpg\" \/>\n\t<meta property=\"og:image:width\" content=\"3576\" \/>\n\t<meta property=\"og:image:height\" content=\"2384\" \/>\n\t<meta property=\"og:image:type\" content=\"image\/jpeg\" \/>\n<meta name=\"twitter:card\" content=\"summary_large_image\" \/>\n<meta name=\"twitter:label1\" content=\"Escrito por\" \/>\n\t<meta name=\"twitter:data1\" content=\"ANDI Honduras\" \/>\n<script type=\"application\/ld+json\" class=\"yoast-schema-graph\">{\"@context\":\"https:\/\/schema.org\",\"@graph\":[{\"@type\":\"Organization\",\"@id\":\"http:\/\/www.andi.hn\/boletin\/#organization\",\"name\":\"Bolet\u00edn Industrial de Derechos Humanos\",\"url\":\"http:\/\/www.andi.hn\/boletin\/\",\"sameAs\":[],\"logo\":{\"@type\":\"ImageObject\",\"@id\":\"http:\/\/www.andi.hn\/boletin\/#logo\",\"inLanguage\":\"es\",\"url\":\"http:\/\/www.andi.hn\/boletin\/wp-content\/uploads\/2019\/04\/andi.png\",\"contentUrl\":\"http:\/\/www.andi.hn\/boletin\/wp-content\/uploads\/2019\/04\/andi.png\",\"width\":600,\"height\":315,\"caption\":\"Bolet\u00edn Industrial de Derechos Humanos\"},\"image\":{\"@id\":\"http:\/\/www.andi.hn\/boletin\/#logo\"}},{\"@type\":\"WebSite\",\"@id\":\"http:\/\/www.andi.hn\/boletin\/#website\",\"url\":\"http:\/\/www.andi.hn\/boletin\/\",\"name\":\"ANDI\",\"description\":\"Bolet\u00edn de Derechos Humanos\",\"publisher\":{\"@id\":\"http:\/\/www.andi.hn\/boletin\/#organization\"},\"potentialAction\":[{\"@type\":\"SearchAction\",\"target\":{\"@type\":\"EntryPoint\",\"urlTemplate\":\"http:\/\/www.andi.hn\/boletin\/?s={search_term_string}\"},\"query-input\":\"required name=search_term_string\"}],\"inLanguage\":\"es\"},{\"@type\":\"ImageObject\",\"@id\":\"http:\/\/www.andi.hn\/boletin\/talleres-estrategicos-de-derechos-humanos-e-industria-por-andi\/#primaryimage\",\"inLanguage\":\"es\",\"url\":\"http:\/\/www.andi.hn\/boletin\/wp-content\/uploads\/2019\/09\/Taller-TGU-5.jpg\",\"contentUrl\":\"http:\/\/www.andi.hn\/boletin\/wp-content\/uploads\/2019\/09\/Taller-TGU-5.jpg\",\"width\":3576,\"height\":2384},{\"@type\":\"WebPage\",\"@id\":\"http:\/\/www.andi.hn\/boletin\/talleres-estrategicos-de-derechos-humanos-e-industria-por-andi\/#webpage\",\"url\":\"http:\/\/www.andi.hn\/boletin\/talleres-estrategicos-de-derechos-humanos-e-industria-por-andi\/\",\"name\":\"Talleres estrat\u00e9gicos de Derechos Humanos e Industria por ANDI - Tegucigalpa. &raquo; ANDI\",\"isPartOf\":{\"@id\":\"http:\/\/www.andi.hn\/boletin\/#website\"},\"primaryImageOfPage\":{\"@id\":\"http:\/\/www.andi.hn\/boletin\/talleres-estrategicos-de-derechos-humanos-e-industria-por-andi\/#primaryimage\"},\"datePublished\":\"2019-09-17T05:33:11+00:00\",\"dateModified\":\"2022-08-06T04:31:20+00:00\",\"breadcrumb\":{\"@id\":\"http:\/\/www.andi.hn\/boletin\/talleres-estrategicos-de-derechos-humanos-e-industria-por-andi\/#breadcrumb\"},\"inLanguage\":\"es\",\"potentialAction\":[{\"@type\":\"ReadAction\",\"target\":[\"http:\/\/www.andi.hn\/boletin\/talleres-estrategicos-de-derechos-humanos-e-industria-por-andi\/\"]}]},{\"@type\":\"BreadcrumbList\",\"@id\":\"http:\/\/www.andi.hn\/boletin\/talleres-estrategicos-de-derechos-humanos-e-industria-por-andi\/#breadcrumb\",\"itemListElement\":[{\"@type\":\"ListItem\",\"position\":1,\"name\":\"Portada\",\"item\":\"https:\/\/www.andi.hn\/boletin\/\"},{\"@type\":\"ListItem\",\"position\":2,\"name\":\"Talleres estrat\u00e9gicos de Derechos Humanos e Industria por ANDI &#8211; Tegucigalpa.\"}]},{\"@type\":\"Article\",\"@id\":\"http:\/\/www.andi.hn\/boletin\/talleres-estrategicos-de-derechos-humanos-e-industria-por-andi\/#article\",\"isPartOf\":{\"@id\":\"http:\/\/www.andi.hn\/boletin\/talleres-estrategicos-de-derechos-humanos-e-industria-por-andi\/#webpage\"},\"author\":{\"@id\":\"http:\/\/www.andi.hn\/boletin\/#\/schema\/person\/02660f597ef931bfd645d8dc265a90fe\"},\"headline\":\"Talleres estrat\u00e9gicos de Derechos Humanos e Industria por ANDI &#8211; Tegucigalpa.\",\"datePublished\":\"2019-09-17T05:33:11+00:00\",\"dateModified\":\"2022-08-06T04:31:20+00:00\",\"mainEntityOfPage\":{\"@id\":\"http:\/\/www.andi.hn\/boletin\/talleres-estrategicos-de-derechos-humanos-e-industria-por-andi\/#webpage\"},\"wordCount\":83,\"publisher\":{\"@id\":\"http:\/\/www.andi.hn\/boletin\/#organization\"},\"image\":{\"@id\":\"http:\/\/www.andi.hn\/boletin\/talleres-estrategicos-de-derechos-humanos-e-industria-por-andi\/#primaryimage\"},\"thumbnailUrl\":\"http:\/\/www.andi.hn\/boletin\/wp-content\/uploads\/2019\/09\/Taller-TGU-5.jpg\",\"keywords\":[\"Avance\",\"DDHH\",\"derechos humanos\",\"Desarrollo\",\"Honduras\",\"industria\",\"ODS\",\"PANIDDHH\",\"progreso\",\"Talleres\",\"Tegucigalpa\"],\"articleSection\":[\"Eventos\",\"Galer\u00eda de fotos\"],\"inLanguage\":\"es\"},{\"@type\":\"Person\",\"@id\":\"http:\/\/www.andi.hn\/boletin\/#\/schema\/person\/02660f597ef931bfd645d8dc265a90fe\",\"name\":\"ANDI Honduras\",\"image\":{\"@type\":\"ImageObject\",\"@id\":\"http:\/\/www.andi.hn\/boletin\/#personlogo\",\"inLanguage\":\"es\",\"url\":\"http:\/\/0.gravatar.com\/avatar\/3c47cebe00720562574c2fae3cf637bd?s=96&d=mm&r=g\",\"contentUrl\":\"http:\/\/0.gravatar.com\/avatar\/3c47cebe00720562574c2fae3cf637bd?s=96&d=mm&r=g\",\"caption\":\"ANDI Honduras\"}}]}<\/script>\n<!-- \/ Yoast SEO plugin. -->","yoast_head_json":{"title":"Talleres estrat\u00e9gicos de Derechos Humanos e Industria por ANDI - Tegucigalpa. &raquo; ANDI","robots":{"index":"index","follow":"follow","max-snippet":"max-snippet:-1","max-image-preview":"max-image-preview:large","max-video-preview":"max-video-preview:-1"},"canonical":"http:\/\/www.andi.hn\/boletin\/talleres-estrategicos-de-derechos-humanos-e-industria-por-andi\/","og_locale":"es_ES","og_type":"article","og_title":"Talleres estrat\u00e9gicos de Derechos Humanos e Industria por ANDI - Tegucigalpa. &raquo; ANDI","og_description":"ANDI en el marco del proyecto \u201cPlan de Acci\u00f3n de Industria y Derechos Humanos\u201d, (PANIDDHH) desarroll\u00f3 una serie de talleres de an\u00e1lisis FODA con miembros del Comit\u00e9 Industrial de Derechos Humanos y juntas regionales de la ANDI, con objetivo de buscar estrategias para la promoci\u00f3n y el respeto de los Derechos Humanos en la actividad","og_url":"http:\/\/www.andi.hn\/boletin\/talleres-estrategicos-de-derechos-humanos-e-industria-por-andi\/","og_site_name":"ANDI","article_published_time":"2019-09-17T05:33:11+00:00","article_modified_time":"2022-08-06T04:31:20+00:00","og_image":[{"width":3576,"height":2384,"url":"http:\/\/www.andi.hn\/boletin\/wp-content\/uploads\/2019\/09\/Taller-TGU-5.jpg","type":"image\/jpeg"}],"twitter_card":"summary_large_image","twitter_misc":{"Escrito por":"ANDI Honduras"},"schema":{"@context":"https:\/\/schema.org","@graph":[{"@type":"Organization","@id":"http:\/\/www.andi.hn\/boletin\/#organization","name":"Bolet\u00edn Industrial de Derechos Humanos","url":"http:\/\/www.andi.hn\/boletin\/","sameAs":[],"logo":{"@type":"ImageObject","@id":"http:\/\/www.andi.hn\/boletin\/#logo","inLanguage":"es","url":"http:\/\/www.andi.hn\/boletin\/wp-content\/uploads\/2019\/04\/andi.png","contentUrl":"http:\/\/www.andi.hn\/boletin\/wp-content\/uploads\/2019\/04\/andi.png","width":600,"height":315,"caption":"Bolet\u00edn Industrial de Derechos Humanos"},"image":{"@id":"http:\/\/www.andi.hn\/boletin\/#logo"}},{"@type":"WebSite","@id":"http:\/\/www.andi.hn\/boletin\/#website","url":"http:\/\/www.andi.hn\/boletin\/","name":"ANDI","description":"Bolet\u00edn de Derechos Humanos","publisher":{"@id":"http:\/\/www.andi.hn\/boletin\/#organization"},"potentialAction":[{"@type":"SearchAction","target":{"@type":"EntryPoint","urlTemplate":"http:\/\/www.andi.hn\/boletin\/?s={search_term_string}"},"query-input":"required name=search_term_string"}],"inLanguage":"es"},{"@type":"ImageObject","@id":"http:\/\/www.andi.hn\/boletin\/talleres-estrategicos-de-derechos-humanos-e-industria-por-andi\/#primaryimage","inLanguage":"es","url":"http:\/\/www.andi.hn\/boletin\/wp-content\/uploads\/2019\/09\/Taller-TGU-5.jpg","contentUrl":"http:\/\/www.andi.hn\/boletin\/wp-content\/uploads\/2019\/09\/Taller-TGU-5.jpg","width":3576,"height":2384},{"@type":"WebPage","@id":"http:\/\/www.andi.hn\/boletin\/talleres-estrategicos-de-derechos-humanos-e-industria-por-andi\/#webpage","url":"http:\/\/www.andi.hn\/boletin\/talleres-estrategicos-de-derechos-humanos-e-industria-por-andi\/","name":"Talleres estrat\u00e9gicos de Derechos Humanos e Industria por ANDI - Tegucigalpa. &raquo; ANDI","isPartOf":{"@id":"http:\/\/www.andi.hn\/boletin\/#website"},"primaryImageOfPage":{"@id":"http:\/\/www.andi.hn\/boletin\/talleres-estrategicos-de-derechos-humanos-e-industria-por-andi\/#primaryimage"},"datePublished":"2019-09-17T05:33:11+00:00","dateModified":"2022-08-06T04:31:20+00:00","breadcrumb":{"@id":"http:\/\/www.andi.hn\/boletin\/talleres-estrategicos-de-derechos-humanos-e-industria-por-andi\/#breadcrumb"},"inLanguage":"es","potentialAction":[{"@type":"ReadAction","target":["http:\/\/www.andi.hn\/boletin\/talleres-estrategicos-de-derechos-humanos-e-industria-por-andi\/"]}]},{"@type":"BreadcrumbList","@id":"http:\/\/www.andi.hn\/boletin\/talleres-estrategicos-de-derechos-humanos-e-industria-por-andi\/#breadcrumb","itemListElement":[{"@type":"ListItem","position":1,"name":"Portada","item":"https:\/\/www.andi.hn\/boletin\/"},{"@type":"ListItem","position":2,"name":"Talleres estrat\u00e9gicos de Derechos Humanos e Industria por ANDI &#8211; Tegucigalpa."}]},{"@type":"Article","@id":"http:\/\/www.andi.hn\/boletin\/talleres-estrategicos-de-derechos-humanos-e-industria-por-andi\/#article","isPartOf":{"@id":"http:\/\/www.andi.hn\/boletin\/talleres-estrategicos-de-derechos-humanos-e-industria-por-andi\/#webpage"},"author":{"@id":"http:\/\/www.andi.hn\/boletin\/#\/schema\/person\/02660f597ef931bfd645d8dc265a90fe"},"headline":"Talleres estrat\u00e9gicos de Derechos Humanos e Industria por ANDI &#8211; Tegucigalpa.","datePublished":"2019-09-17T05:33:11+00:00","dateModified":"2022-08-06T04:31:20+00:00","mainEntityOfPage":{"@id":"http:\/\/www.andi.hn\/boletin\/talleres-estrategicos-de-derechos-humanos-e-industria-por-andi\/#webpage"},"wordCount":83,"publisher":{"@id":"http:\/\/www.andi.hn\/boletin\/#organization"},"image":{"@id":"http:\/\/www.andi.hn\/boletin\/talleres-estrategicos-de-derechos-humanos-e-industria-por-andi\/#primaryimage"},"thumbnailUrl":"http:\/\/www.andi.hn\/boletin\/wp-content\/uploads\/2019\/09\/Taller-TGU-5.jpg","keywords":["Avance","DDHH","derechos humanos","Desarrollo","Honduras","industria","ODS","PANIDDHH","progreso","Talleres","Tegucigalpa"],"articleSection":["Eventos","Galer\u00eda de fotos"],"inLanguage":"es"},{"@type":"Person","@id":"http:\/\/www.andi.hn\/boletin\/#\/schema\/person\/02660f597ef931bfd645d8dc265a90fe","name":"ANDI Honduras","image":{"@type":"ImageObject","@id":"http:\/\/www.andi.hn\/boletin\/#personlogo","inLanguage":"es","url":"http:\/\/0.gravatar.com\/avatar\/3c47cebe00720562574c2fae3cf637bd?s=96&d=mm&r=g","contentUrl":"http:\/\/0.gravatar.com\/avatar\/3c47cebe00720562574c2fae3cf637bd?s=96&d=mm&r=g","caption":"ANDI Honduras"}}]}},"_links":{"self":[{"href":"http:\/\/www.andi.hn\/boletin\/wp-json\/wp\/v2\/posts\/656"}],"collection":[{"href":"http:\/\/www.andi.hn\/boletin\/wp-json\/wp\/v2\/posts"}],"about":[{"href":"http:\/\/www.andi.hn\/boletin\/wp-json\/wp\/v2\/types\/post"}],"author":[{"embeddable":true,"href":"http:\/\/www.andi.hn\/boletin\/wp-json\/wp\/v2\/users\/3"}],"replies":[{"embeddable":true,"href":"http:\/\/www.andi.hn\/boletin\/wp-json\/wp\/v2\/comments?post=656"}],"version-history":[{"count":2,"href":"http:\/\/www.andi.hn\/boletin\/wp-json\/wp\/v2\/posts\/656\/revisions"}],"predecessor-version":[{"id":668,"href":"http:\/\/www.andi.hn\/boletin\/wp-json\/wp\/v2\/posts\/656\/revisions\/668"}],"wp:featuredmedia":[{"embeddable":true,"href":"http:\/\/www.andi.hn\/boletin\/wp-json\/wp\/v2\/media\/661"}],"wp:attachment":[{"href":"http:\/\/www.andi.hn\/boletin\/wp-json\/wp\/v2\/media?parent=656"}],"wp:term":[{"taxonomy":"category","embeddable":true,"href":"http:\/\/www.andi.hn\/boletin\/wp-json\/wp\/v2\/categories?post=656"},{"taxonomy":"post_tag","embeddable":true,"href":"http:\/\/www.andi.hn\/boletin\/wp-json\/wp\/v2\/tags?post=656"},{"taxonomy":"cmcal_calendar","embeddable":true,"href":"http:\/\/www.andi.hn\/boletin\/wp-json\/wp\/v2\/cmcal_calendar?post=656"}],"curies":[{"name":"wp","href":"https:\/\/api.w.org\/{rel}","templated":true}]}}