{"id":2858,"date":"2023-03-01T18:09:14","date_gmt":"2023-03-02T00:09:14","guid":{"rendered":"http:\/\/www.andi.hn\/boletin\/?p=2858"},"modified":"2023-04-27T16:13:10","modified_gmt":"2023-04-27T22:13:10","slug":"8avo-encuentro-alac-alianza-latinoamericana-anticontrabando","status":"publish","type":"post","link":"http:\/\/www.andi.hn\/boletin\/8avo-encuentro-alac-alianza-latinoamericana-anticontrabando\/","title":{"rendered":"8avo Encuentro ALAC \u2013 Alianza Latinoamericana Anticontrabando"},"content":{"rendered":"<p>[vc_row][vc_column][vc_column_text]La\u00a0<strong>Alianza Latinoamericana Anticontrabando (ALAC)<\/strong>, que congrega a representantes de catorce pa\u00edses de la regi\u00f3n, celebrar\u00e1 su octavo encuentro los d\u00edas\u00a0<strong>1 y 2 de marzo de 2023 en Bogot\u00e1, Colombia.<\/strong><\/p>\n<p>Se espera contar con la participaci\u00f3n de m\u00e1s de 200 personas, entre voceros de agremiaciones y actores del sector p\u00fablico y privado, que se reunir\u00e1n con el objetivo de aportar a la construcci\u00f3n de agendas conjuntas que mitiguen el comercio il\u00edcito, compartir buenas pr\u00e1cticas y generar sinergias entre las diferentes partes.<\/p>\n<p>Lo anterior surge de la necesidad de combatir el comercio il\u00edcito, dado que, seg\u00fan cifras de la Direcci\u00f3n de Impuestos y Aduanas Nacionales de Colombia (DIAN) para el 2020, el contrabando t\u00e9cnico y abierto provoc\u00f3 un detrimento del 3,5% del recaudo nacional. Este fen\u00f3meno adem\u00e1s de impactar las finanzas territoriales y atentar contra la seguridad ciudadana a trav\u00e9s del financiamiento del crimen organizado, afecta tambi\u00e9n al tejido empresarial, el cual impulsa el trabajo formal, la inclusi\u00f3n productiva y el desarrollo econ\u00f3mico.[\/vc_column_text][\/vc_column][\/vc_row][vc_row][vc_column][vc_single_image image=\u00bb2844&#8243; img_size=\u00bbfull\u00bb alignment=\u00bbcenter\u00bb][\/vc_column][\/vc_row][vc_row][vc_column][vc_btn title=\u00bbLeer m\u00e1s\u00bb style=\u00bbclassic\u00bb i_align=\u00bbright\u00bb i_icon_fontawesome=\u00bbfa fa-link\u00bb add_icon=\u00bbtrue\u00bb link=\u00bburl:https%3A%2F%2Fwww.andi.com.co%2FHome%2FEvento%2F72-8-encuentro-de-la-alianza-latinoamericana|title:Leer%20m%C3%A1s|target:%20_blank|\u00bb][\/vc_column][\/vc_row]<\/p>\n","protected":false},"excerpt":{"rendered":"<p>La Asociaci\u00f3n Nacional de Industriales (ANDI) y el Consejo Hondure\u00f1o de la Empresa Privada (COHEP), con el apoyo t\u00e9cnico de la Uni\u00f3n Europea a trav\u00e9s de su Programa ProDerechos, realizan taller para conocer los desaf\u00edos en la implementaci\u00f3n de los Principios Rectores Empresas y Derechos Humanos y el marco Internacional y DDHH, con el objetivo de desarrollar una herramienta pr\u00e1ctica de implementaci\u00f3n y seguimiento de estos principios.<\/p>\n","protected":false},"author":2,"featured_media":0,"comment_status":"closed","ping_status":"open","sticky":false,"template":"","format":"standard","meta":[],"categories":[19],"tags":[],"cmcal_calendar":[145],"yoast_head":"<!-- This site is optimized with the Yoast SEO plugin v18.1 - https:\/\/yoast.com\/wordpress\/plugins\/seo\/ -->\n<title>8avo Encuentro ALAC \u2013 Alianza Latinoamericana Anticontrabando &raquo; ANDI<\/title>\n<meta name=\"description\" content=\"La Asociaci\u00f3n Nacional de Industriales (ANDI) y el Consejo Hondure\u00f1o de la Empresa Privada (COHEP), con el apoyo t\u00e9cnico de la Uni\u00f3n Europea a trav\u00e9s de su Programa ProDerechos, realizan taller para conocer los desaf\u00edos en la implementaci\u00f3n de los Principios Rectores Empresas y Derechos Humanos y el marco Internacional y DDHH, con el objetivo de desarrollar una herramienta pr\u00e1ctica de implementaci\u00f3n y seguimiento de estos principios.\" \/>\n<meta name=\"robots\" content=\"index, follow, max-snippet:-1, max-image-preview:large, max-video-preview:-1\" \/>\n<link rel=\"canonical\" href=\"http:\/\/www.andi.hn\/boletin\/8avo-encuentro-alac-alianza-latinoamericana-anticontrabando\/\" \/>\n<meta property=\"og:locale\" content=\"es_ES\" \/>\n<meta property=\"og:type\" content=\"article\" \/>\n<meta property=\"og:title\" content=\"8avo Encuentro ALAC \u2013 Alianza Latinoamericana Anticontrabando &raquo; ANDI\" \/>\n<meta property=\"og:description\" content=\"8avo Encuentro ALAC \u2013 Alianza Latinoamericana Anticontrabando\" \/>\n<meta property=\"og:url\" content=\"http:\/\/www.andi.hn\/boletin\/8avo-encuentro-alac-alianza-latinoamericana-anticontrabando\/\" \/>\n<meta property=\"og:site_name\" content=\"ANDI\" \/>\n<meta property=\"article:published_time\" content=\"2023-03-02T00:09:14+00:00\" \/>\n<meta property=\"article:modified_time\" content=\"2023-04-27T22:13:10+00:00\" \/>\n<meta property=\"og:image\" content=\"http:\/\/www.andi.hn\/boletin\/wp-content\/uploads\/2023\/02\/26-ENERO2.jpg\" \/>\n\t<meta property=\"og:image:width\" content=\"1280\" \/>\n\t<meta property=\"og:image:height\" content=\"558\" \/>\n\t<meta property=\"og:image:type\" content=\"image\/jpeg\" \/>\n<meta name=\"twitter:card\" content=\"summary_large_image\" \/>\n<meta name=\"twitter:title\" content=\"8avo Encuentro ALAC \u2013 Alianza Latinoamericana Anticontrabando &raquo; ANDI\" \/>\n<meta name=\"twitter:description\" content=\"8avo Encuentro ALAC \u2013 Alianza Latinoamericana Anticontrabando\" \/>\n<meta name=\"twitter:image\" content=\"http:\/\/www.andi.hn\/boletin\/wp-content\/uploads\/2023\/02\/26-ENERO2.jpg\" \/>\n<meta name=\"twitter:label1\" content=\"Escrito por\" \/>\n\t<meta name=\"twitter:data1\" content=\"ANDI\" \/>\n\t<meta name=\"twitter:label2\" content=\"Tiempo de lectura\" \/>\n\t<meta name=\"twitter:data2\" content=\"1 minuto\" \/>\n<script type=\"application\/ld+json\" class=\"yoast-schema-graph\">{\"@context\":\"https:\/\/schema.org\",\"@graph\":[{\"@type\":\"Organization\",\"@id\":\"http:\/\/www.andi.hn\/boletin\/#organization\",\"name\":\"Bolet\u00edn Industrial de Derechos Humanos\",\"url\":\"http:\/\/www.andi.hn\/boletin\/\",\"sameAs\":[],\"logo\":{\"@type\":\"ImageObject\",\"@id\":\"http:\/\/www.andi.hn\/boletin\/#logo\",\"inLanguage\":\"es\",\"url\":\"http:\/\/www.andi.hn\/boletin\/wp-content\/uploads\/2019\/04\/andi.png\",\"contentUrl\":\"http:\/\/www.andi.hn\/boletin\/wp-content\/uploads\/2019\/04\/andi.png\",\"width\":600,\"height\":315,\"caption\":\"Bolet\u00edn Industrial de Derechos Humanos\"},\"image\":{\"@id\":\"http:\/\/www.andi.hn\/boletin\/#logo\"}},{\"@type\":\"WebSite\",\"@id\":\"http:\/\/www.andi.hn\/boletin\/#website\",\"url\":\"http:\/\/www.andi.hn\/boletin\/\",\"name\":\"ANDI\",\"description\":\"Bolet\u00edn de Derechos Humanos\",\"publisher\":{\"@id\":\"http:\/\/www.andi.hn\/boletin\/#organization\"},\"potentialAction\":[{\"@type\":\"SearchAction\",\"target\":{\"@type\":\"EntryPoint\",\"urlTemplate\":\"http:\/\/www.andi.hn\/boletin\/?s={search_term_string}\"},\"query-input\":\"required name=search_term_string\"}],\"inLanguage\":\"es\"},{\"@type\":\"ImageObject\",\"@id\":\"http:\/\/www.andi.hn\/boletin\/8avo-encuentro-alac-alianza-latinoamericana-anticontrabando\/#primaryimage\",\"inLanguage\":\"es\",\"url\":\"http:\/\/www.andi.hn\/boletin\/wp-content\/uploads\/2023\/02\/26-ENERO2.jpg\",\"contentUrl\":\"http:\/\/www.andi.hn\/boletin\/wp-content\/uploads\/2023\/02\/26-ENERO2.jpg\",\"width\":1280,\"height\":558},{\"@type\":\"WebPage\",\"@id\":\"http:\/\/www.andi.hn\/boletin\/8avo-encuentro-alac-alianza-latinoamericana-anticontrabando\/#webpage\",\"url\":\"http:\/\/www.andi.hn\/boletin\/8avo-encuentro-alac-alianza-latinoamericana-anticontrabando\/\",\"name\":\"8avo Encuentro ALAC \u2013 Alianza Latinoamericana Anticontrabando &raquo; ANDI\",\"isPartOf\":{\"@id\":\"http:\/\/www.andi.hn\/boletin\/#website\"},\"datePublished\":\"2023-03-02T00:09:14+00:00\",\"dateModified\":\"2023-04-27T22:13:10+00:00\",\"description\":\"La Asociaci\u00f3n Nacional de Industriales (ANDI) y el Consejo Hondure\u00f1o de la Empresa Privada (COHEP), con el apoyo t\u00e9cnico de la Uni\u00f3n Europea a trav\u00e9s de su Programa ProDerechos, realizan taller para conocer los desaf\u00edos en la implementaci\u00f3n de los Principios Rectores Empresas y Derechos Humanos y el marco Internacional y DDHH, con el objetivo de desarrollar una herramienta pr\u00e1ctica de implementaci\u00f3n y seguimiento de estos principios.\",\"breadcrumb\":{\"@id\":\"http:\/\/www.andi.hn\/boletin\/8avo-encuentro-alac-alianza-latinoamericana-anticontrabando\/#breadcrumb\"},\"inLanguage\":\"es\",\"potentialAction\":[{\"@type\":\"ReadAction\",\"target\":[\"http:\/\/www.andi.hn\/boletin\/8avo-encuentro-alac-alianza-latinoamericana-anticontrabando\/\"]}]},{\"@type\":\"BreadcrumbList\",\"@id\":\"http:\/\/www.andi.hn\/boletin\/8avo-encuentro-alac-alianza-latinoamericana-anticontrabando\/#breadcrumb\",\"itemListElement\":[{\"@type\":\"ListItem\",\"position\":1,\"name\":\"Portada\",\"item\":\"http:\/\/www.andi.hn\/boletin\/\"},{\"@type\":\"ListItem\",\"position\":2,\"name\":\"8avo Encuentro ALAC \u2013 Alianza Latinoamericana Anticontrabando\"}]},{\"@type\":\"Article\",\"@id\":\"http:\/\/www.andi.hn\/boletin\/8avo-encuentro-alac-alianza-latinoamericana-anticontrabando\/#article\",\"isPartOf\":{\"@id\":\"http:\/\/www.andi.hn\/boletin\/8avo-encuentro-alac-alianza-latinoamericana-anticontrabando\/#webpage\"},\"author\":{\"@id\":\"http:\/\/www.andi.hn\/boletin\/#\/schema\/person\/5f3c3f1669dba7f00c97c3c03b7c53ad\"},\"headline\":\"8avo Encuentro ALAC \u2013 Alianza Latinoamericana Anticontrabando\",\"datePublished\":\"2023-03-02T00:09:14+00:00\",\"dateModified\":\"2023-04-27T22:13:10+00:00\",\"mainEntityOfPage\":{\"@id\":\"http:\/\/www.andi.hn\/boletin\/8avo-encuentro-alac-alianza-latinoamericana-anticontrabando\/#webpage\"},\"wordCount\":263,\"publisher\":{\"@id\":\"http:\/\/www.andi.hn\/boletin\/#organization\"},\"articleSection\":[\"Eventos\"],\"inLanguage\":\"es\"},{\"@type\":\"Person\",\"@id\":\"http:\/\/www.andi.hn\/boletin\/#\/schema\/person\/5f3c3f1669dba7f00c97c3c03b7c53ad\",\"name\":\"ANDI\",\"image\":{\"@type\":\"ImageObject\",\"@id\":\"http:\/\/www.andi.hn\/boletin\/#personlogo\",\"inLanguage\":\"es\",\"url\":\"http:\/\/1.gravatar.com\/avatar\/710fa2d995172397bb2b7d7eae32446b?s=96&d=mm&r=g\",\"contentUrl\":\"http:\/\/1.gravatar.com\/avatar\/710fa2d995172397bb2b7d7eae32446b?s=96&d=mm&r=g\",\"caption\":\"ANDI\"}}]}<\/script>\n<!-- \/ Yoast SEO plugin. -->","yoast_head_json":{"title":"8avo Encuentro ALAC \u2013 Alianza Latinoamericana Anticontrabando &raquo; ANDI","description":"La Asociaci\u00f3n Nacional de Industriales (ANDI) y el Consejo Hondure\u00f1o de la Empresa Privada (COHEP), con el apoyo t\u00e9cnico de la Uni\u00f3n Europea a trav\u00e9s de su Programa ProDerechos, realizan taller para conocer los desaf\u00edos en la implementaci\u00f3n de los Principios Rectores Empresas y Derechos Humanos y el marco Internacional y DDHH, con el objetivo de desarrollar una herramienta pr\u00e1ctica de implementaci\u00f3n y seguimiento de estos principios.","robots":{"index":"index","follow":"follow","max-snippet":"max-snippet:-1","max-image-preview":"max-image-preview:large","max-video-preview":"max-video-preview:-1"},"canonical":"http:\/\/www.andi.hn\/boletin\/8avo-encuentro-alac-alianza-latinoamericana-anticontrabando\/","og_locale":"es_ES","og_type":"article","og_title":"8avo Encuentro ALAC \u2013 Alianza Latinoamericana Anticontrabando &raquo; ANDI","og_description":"8avo Encuentro ALAC \u2013 Alianza Latinoamericana Anticontrabando","og_url":"http:\/\/www.andi.hn\/boletin\/8avo-encuentro-alac-alianza-latinoamericana-anticontrabando\/","og_site_name":"ANDI","article_published_time":"2023-03-02T00:09:14+00:00","article_modified_time":"2023-04-27T22:13:10+00:00","og_image":[{"width":1280,"height":558,"url":"http:\/\/www.andi.hn\/boletin\/wp-content\/uploads\/2023\/02\/26-ENERO2.jpg","type":"image\/jpeg"}],"twitter_card":"summary_large_image","twitter_title":"8avo Encuentro ALAC \u2013 Alianza Latinoamericana Anticontrabando &raquo; ANDI","twitter_description":"8avo Encuentro ALAC \u2013 Alianza Latinoamericana Anticontrabando","twitter_image":"http:\/\/www.andi.hn\/boletin\/wp-content\/uploads\/2023\/02\/26-ENERO2.jpg","twitter_misc":{"Escrito por":"ANDI","Tiempo de lectura":"1 minuto"},"schema":{"@context":"https:\/\/schema.org","@graph":[{"@type":"Organization","@id":"http:\/\/www.andi.hn\/boletin\/#organization","name":"Bolet\u00edn Industrial de Derechos Humanos","url":"http:\/\/www.andi.hn\/boletin\/","sameAs":[],"logo":{"@type":"ImageObject","@id":"http:\/\/www.andi.hn\/boletin\/#logo","inLanguage":"es","url":"http:\/\/www.andi.hn\/boletin\/wp-content\/uploads\/2019\/04\/andi.png","contentUrl":"http:\/\/www.andi.hn\/boletin\/wp-content\/uploads\/2019\/04\/andi.png","width":600,"height":315,"caption":"Bolet\u00edn Industrial de Derechos Humanos"},"image":{"@id":"http:\/\/www.andi.hn\/boletin\/#logo"}},{"@type":"WebSite","@id":"http:\/\/www.andi.hn\/boletin\/#website","url":"http:\/\/www.andi.hn\/boletin\/","name":"ANDI","description":"Bolet\u00edn de Derechos Humanos","publisher":{"@id":"http:\/\/www.andi.hn\/boletin\/#organization"},"potentialAction":[{"@type":"SearchAction","target":{"@type":"EntryPoint","urlTemplate":"http:\/\/www.andi.hn\/boletin\/?s={search_term_string}"},"query-input":"required name=search_term_string"}],"inLanguage":"es"},{"@type":"ImageObject","@id":"http:\/\/www.andi.hn\/boletin\/8avo-encuentro-alac-alianza-latinoamericana-anticontrabando\/#primaryimage","inLanguage":"es","url":"http:\/\/www.andi.hn\/boletin\/wp-content\/uploads\/2023\/02\/26-ENERO2.jpg","contentUrl":"http:\/\/www.andi.hn\/boletin\/wp-content\/uploads\/2023\/02\/26-ENERO2.jpg","width":1280,"height":558},{"@type":"WebPage","@id":"http:\/\/www.andi.hn\/boletin\/8avo-encuentro-alac-alianza-latinoamericana-anticontrabando\/#webpage","url":"http:\/\/www.andi.hn\/boletin\/8avo-encuentro-alac-alianza-latinoamericana-anticontrabando\/","name":"8avo Encuentro ALAC \u2013 Alianza Latinoamericana Anticontrabando &raquo; ANDI","isPartOf":{"@id":"http:\/\/www.andi.hn\/boletin\/#website"},"datePublished":"2023-03-02T00:09:14+00:00","dateModified":"2023-04-27T22:13:10+00:00","description":"La Asociaci\u00f3n Nacional de Industriales (ANDI) y el Consejo Hondure\u00f1o de la Empresa Privada (COHEP), con el apoyo t\u00e9cnico de la Uni\u00f3n Europea a trav\u00e9s de su Programa ProDerechos, realizan taller para conocer los desaf\u00edos en la implementaci\u00f3n de los Principios Rectores Empresas y Derechos Humanos y el marco Internacional y DDHH, con el objetivo de desarrollar una herramienta pr\u00e1ctica de implementaci\u00f3n y seguimiento de estos principios.","breadcrumb":{"@id":"http:\/\/www.andi.hn\/boletin\/8avo-encuentro-alac-alianza-latinoamericana-anticontrabando\/#breadcrumb"},"inLanguage":"es","potentialAction":[{"@type":"ReadAction","target":["http:\/\/www.andi.hn\/boletin\/8avo-encuentro-alac-alianza-latinoamericana-anticontrabando\/"]}]},{"@type":"BreadcrumbList","@id":"http:\/\/www.andi.hn\/boletin\/8avo-encuentro-alac-alianza-latinoamericana-anticontrabando\/#breadcrumb","itemListElement":[{"@type":"ListItem","position":1,"name":"Portada","item":"http:\/\/www.andi.hn\/boletin\/"},{"@type":"ListItem","position":2,"name":"8avo Encuentro ALAC \u2013 Alianza Latinoamericana Anticontrabando"}]},{"@type":"Article","@id":"http:\/\/www.andi.hn\/boletin\/8avo-encuentro-alac-alianza-latinoamericana-anticontrabando\/#article","isPartOf":{"@id":"http:\/\/www.andi.hn\/boletin\/8avo-encuentro-alac-alianza-latinoamericana-anticontrabando\/#webpage"},"author":{"@id":"http:\/\/www.andi.hn\/boletin\/#\/schema\/person\/5f3c3f1669dba7f00c97c3c03b7c53ad"},"headline":"8avo Encuentro ALAC \u2013 Alianza Latinoamericana Anticontrabando","datePublished":"2023-03-02T00:09:14+00:00","dateModified":"2023-04-27T22:13:10+00:00","mainEntityOfPage":{"@id":"http:\/\/www.andi.hn\/boletin\/8avo-encuentro-alac-alianza-latinoamericana-anticontrabando\/#webpage"},"wordCount":263,"publisher":{"@id":"http:\/\/www.andi.hn\/boletin\/#organization"},"articleSection":["Eventos"],"inLanguage":"es"},{"@type":"Person","@id":"http:\/\/www.andi.hn\/boletin\/#\/schema\/person\/5f3c3f1669dba7f00c97c3c03b7c53ad","name":"ANDI","image":{"@type":"ImageObject","@id":"http:\/\/www.andi.hn\/boletin\/#personlogo","inLanguage":"es","url":"http:\/\/1.gravatar.com\/avatar\/710fa2d995172397bb2b7d7eae32446b?s=96&d=mm&r=g","contentUrl":"http:\/\/1.gravatar.com\/avatar\/710fa2d995172397bb2b7d7eae32446b?s=96&d=mm&r=g","caption":"ANDI"}}]}},"_links":{"self":[{"href":"http:\/\/www.andi.hn\/boletin\/wp-json\/wp\/v2\/posts\/2858"}],"collection":[{"href":"http:\/\/www.andi.hn\/boletin\/wp-json\/wp\/v2\/posts"}],"about":[{"href":"http:\/\/www.andi.hn\/boletin\/wp-json\/wp\/v2\/types\/post"}],"author":[{"embeddable":true,"href":"http:\/\/www.andi.hn\/boletin\/wp-json\/wp\/v2\/users\/2"}],"replies":[{"embeddable":true,"href":"http:\/\/www.andi.hn\/boletin\/wp-json\/wp\/v2\/comments?post=2858"}],"version-history":[{"count":1,"href":"http:\/\/www.andi.hn\/boletin\/wp-json\/wp\/v2\/posts\/2858\/revisions"}],"predecessor-version":[{"id":2859,"href":"http:\/\/www.andi.hn\/boletin\/wp-json\/wp\/v2\/posts\/2858\/revisions\/2859"}],"wp:attachment":[{"href":"http:\/\/www.andi.hn\/boletin\/wp-json\/wp\/v2\/media?parent=2858"}],"wp:term":[{"taxonomy":"category","embeddable":true,"href":"http:\/\/www.andi.hn\/boletin\/wp-json\/wp\/v2\/categories?post=2858"},{"taxonomy":"post_tag","embeddable":true,"href":"http:\/\/www.andi.hn\/boletin\/wp-json\/wp\/v2\/tags?post=2858"},{"taxonomy":"cmcal_calendar","embeddable":true,"href":"http:\/\/www.andi.hn\/boletin\/wp-json\/wp\/v2\/cmcal_calendar?post=2858"}],"curies":[{"name":"wp","href":"https:\/\/api.w.org\/{rel}","templated":true}]}}