{"id":2835,"date":"2023-01-26T16:18:46","date_gmt":"2023-01-26T22:18:46","guid":{"rendered":"http:\/\/www.andi.hn\/boletin\/?p=2835"},"modified":"2023-02-21T16:24:21","modified_gmt":"2023-02-21T22:24:21","slug":"taller-para-conocer-los-desafios-en-la-implementacion-de-los-principios-rectores-empresas-y-derechos-humanos-y-el-marco-internacional-y-ddhh","status":"publish","type":"post","link":"http:\/\/www.andi.hn\/boletin\/taller-para-conocer-los-desafios-en-la-implementacion-de-los-principios-rectores-empresas-y-derechos-humanos-y-el-marco-internacional-y-ddhh\/","title":{"rendered":"Taller para conocer los desaf\u00edos en la implementaci\u00f3n de los Principios Rectores Empresas y Derechos Humanos y el marco Internacional y DDHH"},"content":{"rendered":"<p>[vc_row][vc_column][vc_column_text]La Asociaci\u00f3n Nacional de Industriales (ANDI) y el Consejo Hondure\u00f1o de la Empresa Privada (COHEP), con el apoyo t\u00e9cnico de la Uni\u00f3n Europea a trav\u00e9s de su Programa ProDerechos, realizan taller para conocer los desaf\u00edos en la implementaci\u00f3n de los Principios Rectores Empresas y Derechos Humanos y el marco Internacional y DDHH, con el objetivo de desarrollar una herramienta pr\u00e1ctica de implementaci\u00f3n y seguimiento de estos principios.[\/vc_column_text][\/vc_column][\/vc_row][vc_row][vc_column][vc_media_grid initial_loading_animation=\u00bbnone\u00bb grid_id=\u00bbvc_gid:1677018216988-1727cd29-f276-7&#8243; include=\u00bb2836,2837,2838,2839,2840&#8243;][\/vc_column][\/vc_row][vc_row][vc_column][\/vc_column][\/vc_row]<\/p>\n","protected":false},"excerpt":{"rendered":"<p>La Asociaci\u00f3n Nacional de Industriales (ANDI) y el Consejo Hondure\u00f1o de la Empresa Privada (COHEP), con el apoyo t\u00e9cnico de la Uni\u00f3n Europea a trav\u00e9s de su Programa ProDerechos, realizan taller para conocer los desaf\u00edos en la implementaci\u00f3n de los Principios Rectores Empresas y Derechos Humanos y el marco Internacional y DDHH, con el objetivo de desarrollar una herramienta pr\u00e1ctica de implementaci\u00f3n y seguimiento de estos principios.<\/p>\n","protected":false},"author":2,"featured_media":0,"comment_status":"closed","ping_status":"open","sticky":false,"template":"","format":"standard","meta":[],"categories":[19],"tags":[],"cmcal_calendar":[145],"yoast_head":"<!-- This site is optimized with the Yoast SEO plugin v18.1 - https:\/\/yoast.com\/wordpress\/plugins\/seo\/ -->\n<title>Taller para conocer los desaf\u00edos en la implementaci\u00f3n de los Principios Rectores Empresas y Derechos Humanos y el marco Internacional y DDHH &raquo; ANDI<\/title>\n<meta name=\"description\" content=\"La Asociaci\u00f3n Nacional de Industriales (ANDI) y el Consejo Hondure\u00f1o de la Empresa Privada (COHEP), con el apoyo t\u00e9cnico de la Uni\u00f3n Europea a trav\u00e9s de su Programa ProDerechos, realizan taller para conocer los desaf\u00edos en la implementaci\u00f3n de los Principios Rectores Empresas y Derechos Humanos y el marco Internacional y DDHH, con el objetivo de desarrollar una herramienta pr\u00e1ctica de implementaci\u00f3n y seguimiento de estos principios.\" \/>\n<meta name=\"robots\" content=\"index, follow, max-snippet:-1, max-image-preview:large, max-video-preview:-1\" \/>\n<link rel=\"canonical\" href=\"http:\/\/www.andi.hn\/boletin\/taller-para-conocer-los-desafios-en-la-implementacion-de-los-principios-rectores-empresas-y-derechos-humanos-y-el-marco-internacional-y-ddhh\/\" \/>\n<meta property=\"og:locale\" content=\"es_ES\" \/>\n<meta property=\"og:type\" content=\"article\" \/>\n<meta property=\"og:title\" content=\"Taller para conocer los desaf\u00edos en la implementaci\u00f3n de los Principios Rectores Empresas y Derechos Humanos y el marco Internacional y DDHH &raquo; ANDI\" \/>\n<meta property=\"og:description\" content=\"Taller para conocer los desaf\u00edos en la implementaci\u00f3n de los Principios Rectores Empresas y Derechos Humanos y el marco Internacional y DDHH\" \/>\n<meta property=\"og:url\" content=\"http:\/\/www.andi.hn\/boletin\/taller-para-conocer-los-desafios-en-la-implementacion-de-los-principios-rectores-empresas-y-derechos-humanos-y-el-marco-internacional-y-ddhh\/\" \/>\n<meta property=\"og:site_name\" content=\"ANDI\" \/>\n<meta property=\"article:published_time\" content=\"2023-01-26T22:18:46+00:00\" \/>\n<meta property=\"article:modified_time\" content=\"2023-02-21T22:24:21+00:00\" \/>\n<meta property=\"og:image\" content=\"http:\/\/www.andi.hn\/boletin\/wp-content\/uploads\/2023\/02\/26-ENERO2.jpg\" \/>\n\t<meta property=\"og:image:width\" content=\"1280\" \/>\n\t<meta property=\"og:image:height\" content=\"558\" \/>\n\t<meta property=\"og:image:type\" content=\"image\/jpeg\" \/>\n<meta name=\"twitter:card\" content=\"summary_large_image\" \/>\n<meta name=\"twitter:title\" content=\"Taller para conocer los desaf\u00edos en la implementaci\u00f3n de los Principios Rectores Empresas y Derechos Humanos y el marco Internacional y DDHH &raquo; ANDI\" \/>\n<meta name=\"twitter:description\" content=\"Taller para conocer los desaf\u00edos en la implementaci\u00f3n de los Principios Rectores Empresas y Derechos Humanos y el marco Internacional y DDHH\" \/>\n<meta name=\"twitter:image\" content=\"http:\/\/www.andi.hn\/boletin\/wp-content\/uploads\/2023\/02\/26-ENERO2.jpg\" \/>\n<meta name=\"twitter:label1\" content=\"Escrito por\" \/>\n\t<meta name=\"twitter:data1\" content=\"ANDI\" \/>\n\t<meta name=\"twitter:label2\" content=\"Tiempo de lectura\" \/>\n\t<meta name=\"twitter:data2\" content=\"1 minuto\" \/>\n<script type=\"application\/ld+json\" class=\"yoast-schema-graph\">{\"@context\":\"https:\/\/schema.org\",\"@graph\":[{\"@type\":\"Organization\",\"@id\":\"https:\/\/www.andi.hn\/boletin\/#organization\",\"name\":\"Bolet\u00edn Industrial de Derechos Humanos\",\"url\":\"https:\/\/www.andi.hn\/boletin\/\",\"sameAs\":[],\"logo\":{\"@type\":\"ImageObject\",\"@id\":\"https:\/\/www.andi.hn\/boletin\/#logo\",\"inLanguage\":\"es\",\"url\":\"http:\/\/www.andi.hn\/boletin\/wp-content\/uploads\/2019\/04\/andi.png\",\"contentUrl\":\"http:\/\/www.andi.hn\/boletin\/wp-content\/uploads\/2019\/04\/andi.png\",\"width\":600,\"height\":315,\"caption\":\"Bolet\u00edn Industrial de Derechos Humanos\"},\"image\":{\"@id\":\"https:\/\/www.andi.hn\/boletin\/#logo\"}},{\"@type\":\"WebSite\",\"@id\":\"https:\/\/www.andi.hn\/boletin\/#website\",\"url\":\"https:\/\/www.andi.hn\/boletin\/\",\"name\":\"ANDI\",\"description\":\"Bolet\u00edn de Derechos Humanos\",\"publisher\":{\"@id\":\"https:\/\/www.andi.hn\/boletin\/#organization\"},\"potentialAction\":[{\"@type\":\"SearchAction\",\"target\":{\"@type\":\"EntryPoint\",\"urlTemplate\":\"https:\/\/www.andi.hn\/boletin\/?s={search_term_string}\"},\"query-input\":\"required name=search_term_string\"}],\"inLanguage\":\"es\"},{\"@type\":\"ImageObject\",\"@id\":\"http:\/\/www.andi.hn\/boletin\/taller-para-conocer-los-desafios-en-la-implementacion-de-los-principios-rectores-empresas-y-derechos-humanos-y-el-marco-internacional-y-ddhh\/#primaryimage\",\"inLanguage\":\"es\",\"url\":\"http:\/\/www.andi.hn\/boletin\/wp-content\/uploads\/2023\/02\/26-ENERO2.jpg\",\"contentUrl\":\"http:\/\/www.andi.hn\/boletin\/wp-content\/uploads\/2023\/02\/26-ENERO2.jpg\",\"width\":1280,\"height\":558},{\"@type\":\"WebPage\",\"@id\":\"http:\/\/www.andi.hn\/boletin\/taller-para-conocer-los-desafios-en-la-implementacion-de-los-principios-rectores-empresas-y-derechos-humanos-y-el-marco-internacional-y-ddhh\/#webpage\",\"url\":\"http:\/\/www.andi.hn\/boletin\/taller-para-conocer-los-desafios-en-la-implementacion-de-los-principios-rectores-empresas-y-derechos-humanos-y-el-marco-internacional-y-ddhh\/\",\"name\":\"Taller para conocer los desaf\u00edos en la implementaci\u00f3n de los Principios Rectores Empresas y Derechos Humanos y el marco Internacional y DDHH &raquo; ANDI\",\"isPartOf\":{\"@id\":\"https:\/\/www.andi.hn\/boletin\/#website\"},\"datePublished\":\"2023-01-26T22:18:46+00:00\",\"dateModified\":\"2023-02-21T22:24:21+00:00\",\"description\":\"La Asociaci\u00f3n Nacional de Industriales (ANDI) y el Consejo Hondure\u00f1o de la Empresa Privada (COHEP), con el apoyo t\u00e9cnico de la Uni\u00f3n Europea a trav\u00e9s de su Programa ProDerechos, realizan taller para conocer los desaf\u00edos en la implementaci\u00f3n de los Principios Rectores Empresas y Derechos Humanos y el marco Internacional y DDHH, con el objetivo de desarrollar una herramienta pr\u00e1ctica de implementaci\u00f3n y seguimiento de estos principios.\",\"breadcrumb\":{\"@id\":\"http:\/\/www.andi.hn\/boletin\/taller-para-conocer-los-desafios-en-la-implementacion-de-los-principios-rectores-empresas-y-derechos-humanos-y-el-marco-internacional-y-ddhh\/#breadcrumb\"},\"inLanguage\":\"es\",\"potentialAction\":[{\"@type\":\"ReadAction\",\"target\":[\"http:\/\/www.andi.hn\/boletin\/taller-para-conocer-los-desafios-en-la-implementacion-de-los-principios-rectores-empresas-y-derechos-humanos-y-el-marco-internacional-y-ddhh\/\"]}]},{\"@type\":\"BreadcrumbList\",\"@id\":\"http:\/\/www.andi.hn\/boletin\/taller-para-conocer-los-desafios-en-la-implementacion-de-los-principios-rectores-empresas-y-derechos-humanos-y-el-marco-internacional-y-ddhh\/#breadcrumb\",\"itemListElement\":[{\"@type\":\"ListItem\",\"position\":1,\"name\":\"Portada\",\"item\":\"https:\/\/www.andi.hn\/boletin\/\"},{\"@type\":\"ListItem\",\"position\":2,\"name\":\"Taller para conocer los desaf\u00edos en la implementaci\u00f3n de los Principios Rectores Empresas y Derechos Humanos y el marco Internacional y DDHH\"}]},{\"@type\":\"Article\",\"@id\":\"http:\/\/www.andi.hn\/boletin\/taller-para-conocer-los-desafios-en-la-implementacion-de-los-principios-rectores-empresas-y-derechos-humanos-y-el-marco-internacional-y-ddhh\/#article\",\"isPartOf\":{\"@id\":\"http:\/\/www.andi.hn\/boletin\/taller-para-conocer-los-desafios-en-la-implementacion-de-los-principios-rectores-empresas-y-derechos-humanos-y-el-marco-internacional-y-ddhh\/#webpage\"},\"author\":{\"@id\":\"https:\/\/www.andi.hn\/boletin\/#\/schema\/person\/5f3c3f1669dba7f00c97c3c03b7c53ad\"},\"headline\":\"Taller para conocer los desaf\u00edos en la implementaci\u00f3n de los Principios Rectores Empresas y Derechos Humanos y el marco Internacional y DDHH\",\"datePublished\":\"2023-01-26T22:18:46+00:00\",\"dateModified\":\"2023-02-21T22:24:21+00:00\",\"mainEntityOfPage\":{\"@id\":\"http:\/\/www.andi.hn\/boletin\/taller-para-conocer-los-desafios-en-la-implementacion-de-los-principios-rectores-empresas-y-derechos-humanos-y-el-marco-internacional-y-ddhh\/#webpage\"},\"wordCount\":146,\"publisher\":{\"@id\":\"https:\/\/www.andi.hn\/boletin\/#organization\"},\"articleSection\":[\"Eventos\"],\"inLanguage\":\"es\"},{\"@type\":\"Person\",\"@id\":\"https:\/\/www.andi.hn\/boletin\/#\/schema\/person\/5f3c3f1669dba7f00c97c3c03b7c53ad\",\"name\":\"ANDI\",\"image\":{\"@type\":\"ImageObject\",\"@id\":\"https:\/\/www.andi.hn\/boletin\/#personlogo\",\"inLanguage\":\"es\",\"url\":\"http:\/\/1.gravatar.com\/avatar\/710fa2d995172397bb2b7d7eae32446b?s=96&d=mm&r=g\",\"contentUrl\":\"http:\/\/1.gravatar.com\/avatar\/710fa2d995172397bb2b7d7eae32446b?s=96&d=mm&r=g\",\"caption\":\"ANDI\"}}]}<\/script>\n<!-- \/ Yoast SEO plugin. -->","yoast_head_json":{"title":"Taller para conocer los desaf\u00edos en la implementaci\u00f3n de los Principios Rectores Empresas y Derechos Humanos y el marco Internacional y DDHH &raquo; ANDI","description":"La Asociaci\u00f3n Nacional de Industriales (ANDI) y el Consejo Hondure\u00f1o de la Empresa Privada (COHEP), con el apoyo t\u00e9cnico de la Uni\u00f3n Europea a trav\u00e9s de su Programa ProDerechos, realizan taller para conocer los desaf\u00edos en la implementaci\u00f3n de los Principios Rectores Empresas y Derechos Humanos y el marco Internacional y DDHH, con el objetivo de desarrollar una herramienta pr\u00e1ctica de implementaci\u00f3n y seguimiento de estos principios.","robots":{"index":"index","follow":"follow","max-snippet":"max-snippet:-1","max-image-preview":"max-image-preview:large","max-video-preview":"max-video-preview:-1"},"canonical":"http:\/\/www.andi.hn\/boletin\/taller-para-conocer-los-desafios-en-la-implementacion-de-los-principios-rectores-empresas-y-derechos-humanos-y-el-marco-internacional-y-ddhh\/","og_locale":"es_ES","og_type":"article","og_title":"Taller para conocer los desaf\u00edos en la implementaci\u00f3n de los Principios Rectores Empresas y Derechos Humanos y el marco Internacional y DDHH &raquo; ANDI","og_description":"Taller para conocer los desaf\u00edos en la implementaci\u00f3n de los Principios Rectores Empresas y Derechos Humanos y el marco Internacional y DDHH","og_url":"http:\/\/www.andi.hn\/boletin\/taller-para-conocer-los-desafios-en-la-implementacion-de-los-principios-rectores-empresas-y-derechos-humanos-y-el-marco-internacional-y-ddhh\/","og_site_name":"ANDI","article_published_time":"2023-01-26T22:18:46+00:00","article_modified_time":"2023-02-21T22:24:21+00:00","og_image":[{"width":1280,"height":558,"url":"http:\/\/www.andi.hn\/boletin\/wp-content\/uploads\/2023\/02\/26-ENERO2.jpg","type":"image\/jpeg"}],"twitter_card":"summary_large_image","twitter_title":"Taller para conocer los desaf\u00edos en la implementaci\u00f3n de los Principios Rectores Empresas y Derechos Humanos y el marco Internacional y DDHH &raquo; ANDI","twitter_description":"Taller para conocer los desaf\u00edos en la implementaci\u00f3n de los Principios Rectores Empresas y Derechos Humanos y el marco Internacional y DDHH","twitter_image":"http:\/\/www.andi.hn\/boletin\/wp-content\/uploads\/2023\/02\/26-ENERO2.jpg","twitter_misc":{"Escrito por":"ANDI","Tiempo de lectura":"1 minuto"},"schema":{"@context":"https:\/\/schema.org","@graph":[{"@type":"Organization","@id":"https:\/\/www.andi.hn\/boletin\/#organization","name":"Bolet\u00edn Industrial de Derechos Humanos","url":"https:\/\/www.andi.hn\/boletin\/","sameAs":[],"logo":{"@type":"ImageObject","@id":"https:\/\/www.andi.hn\/boletin\/#logo","inLanguage":"es","url":"http:\/\/www.andi.hn\/boletin\/wp-content\/uploads\/2019\/04\/andi.png","contentUrl":"http:\/\/www.andi.hn\/boletin\/wp-content\/uploads\/2019\/04\/andi.png","width":600,"height":315,"caption":"Bolet\u00edn Industrial de Derechos Humanos"},"image":{"@id":"https:\/\/www.andi.hn\/boletin\/#logo"}},{"@type":"WebSite","@id":"https:\/\/www.andi.hn\/boletin\/#website","url":"https:\/\/www.andi.hn\/boletin\/","name":"ANDI","description":"Bolet\u00edn de Derechos Humanos","publisher":{"@id":"https:\/\/www.andi.hn\/boletin\/#organization"},"potentialAction":[{"@type":"SearchAction","target":{"@type":"EntryPoint","urlTemplate":"https:\/\/www.andi.hn\/boletin\/?s={search_term_string}"},"query-input":"required name=search_term_string"}],"inLanguage":"es"},{"@type":"ImageObject","@id":"http:\/\/www.andi.hn\/boletin\/taller-para-conocer-los-desafios-en-la-implementacion-de-los-principios-rectores-empresas-y-derechos-humanos-y-el-marco-internacional-y-ddhh\/#primaryimage","inLanguage":"es","url":"http:\/\/www.andi.hn\/boletin\/wp-content\/uploads\/2023\/02\/26-ENERO2.jpg","contentUrl":"http:\/\/www.andi.hn\/boletin\/wp-content\/uploads\/2023\/02\/26-ENERO2.jpg","width":1280,"height":558},{"@type":"WebPage","@id":"http:\/\/www.andi.hn\/boletin\/taller-para-conocer-los-desafios-en-la-implementacion-de-los-principios-rectores-empresas-y-derechos-humanos-y-el-marco-internacional-y-ddhh\/#webpage","url":"http:\/\/www.andi.hn\/boletin\/taller-para-conocer-los-desafios-en-la-implementacion-de-los-principios-rectores-empresas-y-derechos-humanos-y-el-marco-internacional-y-ddhh\/","name":"Taller para conocer los desaf\u00edos en la implementaci\u00f3n de los Principios Rectores Empresas y Derechos Humanos y el marco Internacional y DDHH &raquo; ANDI","isPartOf":{"@id":"https:\/\/www.andi.hn\/boletin\/#website"},"datePublished":"2023-01-26T22:18:46+00:00","dateModified":"2023-02-21T22:24:21+00:00","description":"La Asociaci\u00f3n Nacional de Industriales (ANDI) y el Consejo Hondure\u00f1o de la Empresa Privada (COHEP), con el apoyo t\u00e9cnico de la Uni\u00f3n Europea a trav\u00e9s de su Programa ProDerechos, realizan taller para conocer los desaf\u00edos en la implementaci\u00f3n de los Principios Rectores Empresas y Derechos Humanos y el marco Internacional y DDHH, con el objetivo de desarrollar una herramienta pr\u00e1ctica de implementaci\u00f3n y seguimiento de estos principios.","breadcrumb":{"@id":"http:\/\/www.andi.hn\/boletin\/taller-para-conocer-los-desafios-en-la-implementacion-de-los-principios-rectores-empresas-y-derechos-humanos-y-el-marco-internacional-y-ddhh\/#breadcrumb"},"inLanguage":"es","potentialAction":[{"@type":"ReadAction","target":["http:\/\/www.andi.hn\/boletin\/taller-para-conocer-los-desafios-en-la-implementacion-de-los-principios-rectores-empresas-y-derechos-humanos-y-el-marco-internacional-y-ddhh\/"]}]},{"@type":"BreadcrumbList","@id":"http:\/\/www.andi.hn\/boletin\/taller-para-conocer-los-desafios-en-la-implementacion-de-los-principios-rectores-empresas-y-derechos-humanos-y-el-marco-internacional-y-ddhh\/#breadcrumb","itemListElement":[{"@type":"ListItem","position":1,"name":"Portada","item":"https:\/\/www.andi.hn\/boletin\/"},{"@type":"ListItem","position":2,"name":"Taller para conocer los desaf\u00edos en la implementaci\u00f3n de los Principios Rectores Empresas y Derechos Humanos y el marco Internacional y DDHH"}]},{"@type":"Article","@id":"http:\/\/www.andi.hn\/boletin\/taller-para-conocer-los-desafios-en-la-implementacion-de-los-principios-rectores-empresas-y-derechos-humanos-y-el-marco-internacional-y-ddhh\/#article","isPartOf":{"@id":"http:\/\/www.andi.hn\/boletin\/taller-para-conocer-los-desafios-en-la-implementacion-de-los-principios-rectores-empresas-y-derechos-humanos-y-el-marco-internacional-y-ddhh\/#webpage"},"author":{"@id":"https:\/\/www.andi.hn\/boletin\/#\/schema\/person\/5f3c3f1669dba7f00c97c3c03b7c53ad"},"headline":"Taller para conocer los desaf\u00edos en la implementaci\u00f3n de los Principios Rectores Empresas y Derechos Humanos y el marco Internacional y DDHH","datePublished":"2023-01-26T22:18:46+00:00","dateModified":"2023-02-21T22:24:21+00:00","mainEntityOfPage":{"@id":"http:\/\/www.andi.hn\/boletin\/taller-para-conocer-los-desafios-en-la-implementacion-de-los-principios-rectores-empresas-y-derechos-humanos-y-el-marco-internacional-y-ddhh\/#webpage"},"wordCount":146,"publisher":{"@id":"https:\/\/www.andi.hn\/boletin\/#organization"},"articleSection":["Eventos"],"inLanguage":"es"},{"@type":"Person","@id":"https:\/\/www.andi.hn\/boletin\/#\/schema\/person\/5f3c3f1669dba7f00c97c3c03b7c53ad","name":"ANDI","image":{"@type":"ImageObject","@id":"https:\/\/www.andi.hn\/boletin\/#personlogo","inLanguage":"es","url":"http:\/\/1.gravatar.com\/avatar\/710fa2d995172397bb2b7d7eae32446b?s=96&d=mm&r=g","contentUrl":"http:\/\/1.gravatar.com\/avatar\/710fa2d995172397bb2b7d7eae32446b?s=96&d=mm&r=g","caption":"ANDI"}}]}},"_links":{"self":[{"href":"http:\/\/www.andi.hn\/boletin\/wp-json\/wp\/v2\/posts\/2835"}],"collection":[{"href":"http:\/\/www.andi.hn\/boletin\/wp-json\/wp\/v2\/posts"}],"about":[{"href":"http:\/\/www.andi.hn\/boletin\/wp-json\/wp\/v2\/types\/post"}],"author":[{"embeddable":true,"href":"http:\/\/www.andi.hn\/boletin\/wp-json\/wp\/v2\/users\/2"}],"replies":[{"embeddable":true,"href":"http:\/\/www.andi.hn\/boletin\/wp-json\/wp\/v2\/comments?post=2835"}],"version-history":[{"count":2,"href":"http:\/\/www.andi.hn\/boletin\/wp-json\/wp\/v2\/posts\/2835\/revisions"}],"predecessor-version":[{"id":2842,"href":"http:\/\/www.andi.hn\/boletin\/wp-json\/wp\/v2\/posts\/2835\/revisions\/2842"}],"wp:attachment":[{"href":"http:\/\/www.andi.hn\/boletin\/wp-json\/wp\/v2\/media?parent=2835"}],"wp:term":[{"taxonomy":"category","embeddable":true,"href":"http:\/\/www.andi.hn\/boletin\/wp-json\/wp\/v2\/categories?post=2835"},{"taxonomy":"post_tag","embeddable":true,"href":"http:\/\/www.andi.hn\/boletin\/wp-json\/wp\/v2\/tags?post=2835"},{"taxonomy":"cmcal_calendar","embeddable":true,"href":"http:\/\/www.andi.hn\/boletin\/wp-json\/wp\/v2\/cmcal_calendar?post=2835"}],"curies":[{"name":"wp","href":"https:\/\/api.w.org\/{rel}","templated":true}]}}