{"id":2813,"date":"2023-02-03T15:18:57","date_gmt":"2023-02-03T21:18:57","guid":{"rendered":"http:\/\/www.andi.hn\/boletin\/?p=2813"},"modified":"2023-02-21T15:21:56","modified_gmt":"2023-02-21T21:21:56","slug":"reunion-comite-de-alimentos-y-bebidas-de-fecaica-para-preparar-plan-de-trabajo-2023","status":"publish","type":"post","link":"http:\/\/www.andi.hn\/boletin\/reunion-comite-de-alimentos-y-bebidas-de-fecaica-para-preparar-plan-de-trabajo-2023\/","title":{"rendered":"Reuni\u00f3n Comit\u00e9 de Alimentos y Bebidas de FECAICA para preparar Plan de Trabajo 2023"},"content":{"rendered":"<p>[vc_row][vc_column][vc_column_text]Comit\u00e9 de Alimentos y Bebidas de <a href=\"https:\/\/www.facebook.com\/fecaica?__cft__%5b0%5d=AZWxnN7rnf9cdQiG7BycFzxJOJKPYmOO65ca-o5ofv2Q_mWTxB5AoaL4E70q4-jDdMbj5xhAP2SvfzodL1YGnJ4s0uTSt1ceZGbT6cjhnAJAj1gHwDgfeDhjs5FPnwU8wQ2Z91lzsuRXKIoNXHSCiAM4-mVyZwWYyUmGZ2aDwVPRryC36v3OSCeBkBxDu37Obt-DQ0nvU2qiSGsw0LoGHwkQ&amp;__tn__=-%5dK-R\">FECAICA<\/a> se re\u00fane para preparar el Plan de Trabajo 2023, con el objetivo de promover el desarrollo de la <a href=\"https:\/\/www.facebook.com\/hashtag\/industria?__eep__=6&amp;__cft__%5b0%5d=AZWxnN7rnf9cdQiG7BycFzxJOJKPYmOO65ca-o5ofv2Q_mWTxB5AoaL4E70q4-jDdMbj5xhAP2SvfzodL1YGnJ4s0uTSt1ceZGbT6cjhnAJAj1gHwDgfeDhjs5FPnwU8wQ2Z91lzsuRXKIoNXHSCiAM4-mVyZwWYyUmGZ2aDwVPRryC36v3OSCeBkBxDu37Obt-DQ0nvU2qiSGsw0LoGHwkQ&amp;__tn__=*NK-R\">Industria<\/a> de Alimentos y Bebidas en <a href=\"https:\/\/www.facebook.com\/hashtag\/centroamerica?__eep__=6&amp;__cft__%5b0%5d=AZWxnN7rnf9cdQiG7BycFzxJOJKPYmOO65ca-o5ofv2Q_mWTxB5AoaL4E70q4-jDdMbj5xhAP2SvfzodL1YGnJ4s0uTSt1ceZGbT6cjhnAJAj1gHwDgfeDhjs5FPnwU8wQ2Z91lzsuRXKIoNXHSCiAM4-mVyZwWYyUmGZ2aDwVPRryC36v3OSCeBkBxDu37Obt-DQ0nvU2qiSGsw0LoGHwkQ&amp;__tn__=*NK-R\">Centroam\u00e9rica<\/a>.[\/vc_column_text][\/vc_column][\/vc_row][vc_row][vc_column][vc_media_grid initial_loading_animation=\u00bbnone\u00bb grid_id=\u00bbvc_gid:1677014340729-ab038c92-42ef-10&#8243; include=\u00bb2814,2815,2816,2817,2818&#8243;][\/vc_column][\/vc_row][vc_row][vc_column][\/vc_column][\/vc_row]<\/p>\n","protected":false},"excerpt":{"rendered":"<p>Comit\u00e9 de Alimentos y Bebidas de FECAICA se re\u00fane para preparar el Plan de Trabajo 2023, con el objetivo de promover el desarrollo de la Industria de Alimentos y Bebidas en Centroam\u00e9rica.<\/p>\n","protected":false},"author":2,"featured_media":0,"comment_status":"closed","ping_status":"open","sticky":false,"template":"","format":"standard","meta":[],"categories":[19],"tags":[],"cmcal_calendar":[145],"yoast_head":"<!-- This site is optimized with the Yoast SEO plugin v18.1 - https:\/\/yoast.com\/wordpress\/plugins\/seo\/ -->\n<title>Reuni\u00f3n Comit\u00e9 de Alimentos y Bebidas de FECAICA para preparar Plan de Trabajo 2023 &raquo; ANDI<\/title>\n<meta name=\"description\" content=\"El Presidente Ejecutivo Fernando Garc\u00eda Merino en representaci\u00f3n de la ANDI participa en el foro &quot;Inclusi\u00f3n Financiera de las mujeres: Claves para una recuperaci\u00f3n transformadora de la econom\u00eda post COVID-19 en Am\u00e9rica Latina y el Caribe&quot; y Lanzamiento del Proyecto Ecosistemas Financieros Inclusivos.\" \/>\n<meta name=\"robots\" content=\"index, follow, max-snippet:-1, max-image-preview:large, max-video-preview:-1\" \/>\n<link rel=\"canonical\" href=\"http:\/\/www.andi.hn\/boletin\/reunion-comite-de-alimentos-y-bebidas-de-fecaica-para-preparar-plan-de-trabajo-2023\/\" \/>\n<meta property=\"og:locale\" content=\"es_ES\" \/>\n<meta property=\"og:type\" content=\"article\" \/>\n<meta property=\"og:title\" content=\"Reuni\u00f3n Comit\u00e9 de Alimentos y Bebidas de FECAICA para preparar Plan de Trabajo 2023 &raquo; ANDI\" \/>\n<meta property=\"og:description\" content=\"Reuni\u00f3n Comit\u00e9 de Alimentos y Bebidas de FECAICA para preparar Plan de Trabajo 2023\" \/>\n<meta property=\"og:url\" content=\"http:\/\/www.andi.hn\/boletin\/reunion-comite-de-alimentos-y-bebidas-de-fecaica-para-preparar-plan-de-trabajo-2023\/\" \/>\n<meta property=\"og:site_name\" content=\"ANDI\" \/>\n<meta property=\"article:published_time\" content=\"2023-02-03T21:18:57+00:00\" \/>\n<meta property=\"article:modified_time\" content=\"2023-02-21T21:21:56+00:00\" \/>\n<meta property=\"og:image\" content=\"http:\/\/www.andi.hn\/boletin\/wp-content\/uploads\/2023\/02\/3-FEBRERO-4.jpg\" \/>\n\t<meta property=\"og:image:width\" content=\"1600\" \/>\n\t<meta property=\"og:image:height\" content=\"1200\" \/>\n\t<meta property=\"og:image:type\" content=\"image\/jpeg\" \/>\n<meta name=\"twitter:card\" content=\"summary_large_image\" \/>\n<meta name=\"twitter:title\" content=\"Reuni\u00f3n Comit\u00e9 de Alimentos y Bebidas de FECAICA para preparar Plan de Trabajo 2023 &raquo; ANDI\" \/>\n<meta name=\"twitter:description\" content=\"Reuni\u00f3n Comit\u00e9 de Alimentos y Bebidas de FECAICA para preparar Plan de Trabajo 2023\" \/>\n<meta name=\"twitter:image\" content=\"http:\/\/www.andi.hn\/boletin\/wp-content\/uploads\/2023\/02\/3-FEBRERO-4.jpg\" \/>\n<meta name=\"twitter:label1\" content=\"Escrito por\" \/>\n\t<meta name=\"twitter:data1\" content=\"ANDI\" \/>\n\t<meta name=\"twitter:label2\" content=\"Tiempo de lectura\" \/>\n\t<meta name=\"twitter:data2\" content=\"1 minuto\" \/>\n<script type=\"application\/ld+json\" class=\"yoast-schema-graph\">{\"@context\":\"https:\/\/schema.org\",\"@graph\":[{\"@type\":\"Organization\",\"@id\":\"https:\/\/www.andi.hn\/boletin\/#organization\",\"name\":\"Bolet\u00edn Industrial de Derechos Humanos\",\"url\":\"https:\/\/www.andi.hn\/boletin\/\",\"sameAs\":[],\"logo\":{\"@type\":\"ImageObject\",\"@id\":\"https:\/\/www.andi.hn\/boletin\/#logo\",\"inLanguage\":\"es\",\"url\":\"http:\/\/www.andi.hn\/boletin\/wp-content\/uploads\/2019\/04\/andi.png\",\"contentUrl\":\"http:\/\/www.andi.hn\/boletin\/wp-content\/uploads\/2019\/04\/andi.png\",\"width\":600,\"height\":315,\"caption\":\"Bolet\u00edn Industrial de Derechos Humanos\"},\"image\":{\"@id\":\"https:\/\/www.andi.hn\/boletin\/#logo\"}},{\"@type\":\"WebSite\",\"@id\":\"https:\/\/www.andi.hn\/boletin\/#website\",\"url\":\"https:\/\/www.andi.hn\/boletin\/\",\"name\":\"ANDI\",\"description\":\"Bolet\u00edn de Derechos Humanos\",\"publisher\":{\"@id\":\"https:\/\/www.andi.hn\/boletin\/#organization\"},\"potentialAction\":[{\"@type\":\"SearchAction\",\"target\":{\"@type\":\"EntryPoint\",\"urlTemplate\":\"https:\/\/www.andi.hn\/boletin\/?s={search_term_string}\"},\"query-input\":\"required name=search_term_string\"}],\"inLanguage\":\"es\"},{\"@type\":\"ImageObject\",\"@id\":\"http:\/\/www.andi.hn\/boletin\/reunion-comite-de-alimentos-y-bebidas-de-fecaica-para-preparar-plan-de-trabajo-2023\/#primaryimage\",\"inLanguage\":\"es\",\"url\":\"http:\/\/www.andi.hn\/boletin\/wp-content\/uploads\/2023\/02\/3-FEBRERO-4.jpg\",\"contentUrl\":\"http:\/\/www.andi.hn\/boletin\/wp-content\/uploads\/2023\/02\/3-FEBRERO-4.jpg\",\"width\":1600,\"height\":1200},{\"@type\":\"WebPage\",\"@id\":\"http:\/\/www.andi.hn\/boletin\/reunion-comite-de-alimentos-y-bebidas-de-fecaica-para-preparar-plan-de-trabajo-2023\/#webpage\",\"url\":\"http:\/\/www.andi.hn\/boletin\/reunion-comite-de-alimentos-y-bebidas-de-fecaica-para-preparar-plan-de-trabajo-2023\/\",\"name\":\"Reuni\u00f3n Comit\u00e9 de Alimentos y Bebidas de FECAICA para preparar Plan de Trabajo 2023 &raquo; ANDI\",\"isPartOf\":{\"@id\":\"https:\/\/www.andi.hn\/boletin\/#website\"},\"datePublished\":\"2023-02-03T21:18:57+00:00\",\"dateModified\":\"2023-02-21T21:21:56+00:00\",\"description\":\"El Presidente Ejecutivo Fernando Garc\u00eda Merino en representaci\u00f3n de la ANDI participa en el foro \\\"Inclusi\u00f3n Financiera de las mujeres: Claves para una recuperaci\u00f3n transformadora de la econom\u00eda post COVID-19 en Am\u00e9rica Latina y el Caribe\\\" y Lanzamiento del Proyecto Ecosistemas Financieros Inclusivos.\",\"breadcrumb\":{\"@id\":\"http:\/\/www.andi.hn\/boletin\/reunion-comite-de-alimentos-y-bebidas-de-fecaica-para-preparar-plan-de-trabajo-2023\/#breadcrumb\"},\"inLanguage\":\"es\",\"potentialAction\":[{\"@type\":\"ReadAction\",\"target\":[\"http:\/\/www.andi.hn\/boletin\/reunion-comite-de-alimentos-y-bebidas-de-fecaica-para-preparar-plan-de-trabajo-2023\/\"]}]},{\"@type\":\"BreadcrumbList\",\"@id\":\"http:\/\/www.andi.hn\/boletin\/reunion-comite-de-alimentos-y-bebidas-de-fecaica-para-preparar-plan-de-trabajo-2023\/#breadcrumb\",\"itemListElement\":[{\"@type\":\"ListItem\",\"position\":1,\"name\":\"Portada\",\"item\":\"https:\/\/www.andi.hn\/boletin\/\"},{\"@type\":\"ListItem\",\"position\":2,\"name\":\"Reuni\u00f3n Comit\u00e9 de Alimentos y Bebidas de FECAICA para preparar Plan de Trabajo 2023\"}]},{\"@type\":\"Article\",\"@id\":\"http:\/\/www.andi.hn\/boletin\/reunion-comite-de-alimentos-y-bebidas-de-fecaica-para-preparar-plan-de-trabajo-2023\/#article\",\"isPartOf\":{\"@id\":\"http:\/\/www.andi.hn\/boletin\/reunion-comite-de-alimentos-y-bebidas-de-fecaica-para-preparar-plan-de-trabajo-2023\/#webpage\"},\"author\":{\"@id\":\"https:\/\/www.andi.hn\/boletin\/#\/schema\/person\/5f3c3f1669dba7f00c97c3c03b7c53ad\"},\"headline\":\"Reuni\u00f3n Comit\u00e9 de Alimentos y Bebidas de FECAICA para preparar Plan de Trabajo 2023\",\"datePublished\":\"2023-02-03T21:18:57+00:00\",\"dateModified\":\"2023-02-21T21:21:56+00:00\",\"mainEntityOfPage\":{\"@id\":\"http:\/\/www.andi.hn\/boletin\/reunion-comite-de-alimentos-y-bebidas-de-fecaica-para-preparar-plan-de-trabajo-2023\/#webpage\"},\"wordCount\":93,\"publisher\":{\"@id\":\"https:\/\/www.andi.hn\/boletin\/#organization\"},\"articleSection\":[\"Eventos\"],\"inLanguage\":\"es\"},{\"@type\":\"Person\",\"@id\":\"https:\/\/www.andi.hn\/boletin\/#\/schema\/person\/5f3c3f1669dba7f00c97c3c03b7c53ad\",\"name\":\"ANDI\",\"image\":{\"@type\":\"ImageObject\",\"@id\":\"https:\/\/www.andi.hn\/boletin\/#personlogo\",\"inLanguage\":\"es\",\"url\":\"http:\/\/1.gravatar.com\/avatar\/710fa2d995172397bb2b7d7eae32446b?s=96&d=mm&r=g\",\"contentUrl\":\"http:\/\/1.gravatar.com\/avatar\/710fa2d995172397bb2b7d7eae32446b?s=96&d=mm&r=g\",\"caption\":\"ANDI\"}}]}<\/script>\n<!-- \/ Yoast SEO plugin. -->","yoast_head_json":{"title":"Reuni\u00f3n Comit\u00e9 de Alimentos y Bebidas de FECAICA para preparar Plan de Trabajo 2023 &raquo; ANDI","description":"El Presidente Ejecutivo Fernando Garc\u00eda Merino en representaci\u00f3n de la ANDI participa en el foro \"Inclusi\u00f3n Financiera de las mujeres: Claves para una recuperaci\u00f3n transformadora de la econom\u00eda post COVID-19 en Am\u00e9rica Latina y el Caribe\" y Lanzamiento del Proyecto Ecosistemas Financieros Inclusivos.","robots":{"index":"index","follow":"follow","max-snippet":"max-snippet:-1","max-image-preview":"max-image-preview:large","max-video-preview":"max-video-preview:-1"},"canonical":"http:\/\/www.andi.hn\/boletin\/reunion-comite-de-alimentos-y-bebidas-de-fecaica-para-preparar-plan-de-trabajo-2023\/","og_locale":"es_ES","og_type":"article","og_title":"Reuni\u00f3n Comit\u00e9 de Alimentos y Bebidas de FECAICA para preparar Plan de Trabajo 2023 &raquo; ANDI","og_description":"Reuni\u00f3n Comit\u00e9 de Alimentos y Bebidas de FECAICA para preparar Plan de Trabajo 2023","og_url":"http:\/\/www.andi.hn\/boletin\/reunion-comite-de-alimentos-y-bebidas-de-fecaica-para-preparar-plan-de-trabajo-2023\/","og_site_name":"ANDI","article_published_time":"2023-02-03T21:18:57+00:00","article_modified_time":"2023-02-21T21:21:56+00:00","og_image":[{"width":1600,"height":1200,"url":"http:\/\/www.andi.hn\/boletin\/wp-content\/uploads\/2023\/02\/3-FEBRERO-4.jpg","type":"image\/jpeg"}],"twitter_card":"summary_large_image","twitter_title":"Reuni\u00f3n Comit\u00e9 de Alimentos y Bebidas de FECAICA para preparar Plan de Trabajo 2023 &raquo; ANDI","twitter_description":"Reuni\u00f3n Comit\u00e9 de Alimentos y Bebidas de FECAICA para preparar Plan de Trabajo 2023","twitter_image":"http:\/\/www.andi.hn\/boletin\/wp-content\/uploads\/2023\/02\/3-FEBRERO-4.jpg","twitter_misc":{"Escrito por":"ANDI","Tiempo de lectura":"1 minuto"},"schema":{"@context":"https:\/\/schema.org","@graph":[{"@type":"Organization","@id":"https:\/\/www.andi.hn\/boletin\/#organization","name":"Bolet\u00edn Industrial de Derechos Humanos","url":"https:\/\/www.andi.hn\/boletin\/","sameAs":[],"logo":{"@type":"ImageObject","@id":"https:\/\/www.andi.hn\/boletin\/#logo","inLanguage":"es","url":"http:\/\/www.andi.hn\/boletin\/wp-content\/uploads\/2019\/04\/andi.png","contentUrl":"http:\/\/www.andi.hn\/boletin\/wp-content\/uploads\/2019\/04\/andi.png","width":600,"height":315,"caption":"Bolet\u00edn Industrial de Derechos Humanos"},"image":{"@id":"https:\/\/www.andi.hn\/boletin\/#logo"}},{"@type":"WebSite","@id":"https:\/\/www.andi.hn\/boletin\/#website","url":"https:\/\/www.andi.hn\/boletin\/","name":"ANDI","description":"Bolet\u00edn de Derechos Humanos","publisher":{"@id":"https:\/\/www.andi.hn\/boletin\/#organization"},"potentialAction":[{"@type":"SearchAction","target":{"@type":"EntryPoint","urlTemplate":"https:\/\/www.andi.hn\/boletin\/?s={search_term_string}"},"query-input":"required name=search_term_string"}],"inLanguage":"es"},{"@type":"ImageObject","@id":"http:\/\/www.andi.hn\/boletin\/reunion-comite-de-alimentos-y-bebidas-de-fecaica-para-preparar-plan-de-trabajo-2023\/#primaryimage","inLanguage":"es","url":"http:\/\/www.andi.hn\/boletin\/wp-content\/uploads\/2023\/02\/3-FEBRERO-4.jpg","contentUrl":"http:\/\/www.andi.hn\/boletin\/wp-content\/uploads\/2023\/02\/3-FEBRERO-4.jpg","width":1600,"height":1200},{"@type":"WebPage","@id":"http:\/\/www.andi.hn\/boletin\/reunion-comite-de-alimentos-y-bebidas-de-fecaica-para-preparar-plan-de-trabajo-2023\/#webpage","url":"http:\/\/www.andi.hn\/boletin\/reunion-comite-de-alimentos-y-bebidas-de-fecaica-para-preparar-plan-de-trabajo-2023\/","name":"Reuni\u00f3n Comit\u00e9 de Alimentos y Bebidas de FECAICA para preparar Plan de Trabajo 2023 &raquo; ANDI","isPartOf":{"@id":"https:\/\/www.andi.hn\/boletin\/#website"},"datePublished":"2023-02-03T21:18:57+00:00","dateModified":"2023-02-21T21:21:56+00:00","description":"El Presidente Ejecutivo Fernando Garc\u00eda Merino en representaci\u00f3n de la ANDI participa en el foro \"Inclusi\u00f3n Financiera de las mujeres: Claves para una recuperaci\u00f3n transformadora de la econom\u00eda post COVID-19 en Am\u00e9rica Latina y el Caribe\" y Lanzamiento del Proyecto Ecosistemas Financieros Inclusivos.","breadcrumb":{"@id":"http:\/\/www.andi.hn\/boletin\/reunion-comite-de-alimentos-y-bebidas-de-fecaica-para-preparar-plan-de-trabajo-2023\/#breadcrumb"},"inLanguage":"es","potentialAction":[{"@type":"ReadAction","target":["http:\/\/www.andi.hn\/boletin\/reunion-comite-de-alimentos-y-bebidas-de-fecaica-para-preparar-plan-de-trabajo-2023\/"]}]},{"@type":"BreadcrumbList","@id":"http:\/\/www.andi.hn\/boletin\/reunion-comite-de-alimentos-y-bebidas-de-fecaica-para-preparar-plan-de-trabajo-2023\/#breadcrumb","itemListElement":[{"@type":"ListItem","position":1,"name":"Portada","item":"https:\/\/www.andi.hn\/boletin\/"},{"@type":"ListItem","position":2,"name":"Reuni\u00f3n Comit\u00e9 de Alimentos y Bebidas de FECAICA para preparar Plan de Trabajo 2023"}]},{"@type":"Article","@id":"http:\/\/www.andi.hn\/boletin\/reunion-comite-de-alimentos-y-bebidas-de-fecaica-para-preparar-plan-de-trabajo-2023\/#article","isPartOf":{"@id":"http:\/\/www.andi.hn\/boletin\/reunion-comite-de-alimentos-y-bebidas-de-fecaica-para-preparar-plan-de-trabajo-2023\/#webpage"},"author":{"@id":"https:\/\/www.andi.hn\/boletin\/#\/schema\/person\/5f3c3f1669dba7f00c97c3c03b7c53ad"},"headline":"Reuni\u00f3n Comit\u00e9 de Alimentos y Bebidas de FECAICA para preparar Plan de Trabajo 2023","datePublished":"2023-02-03T21:18:57+00:00","dateModified":"2023-02-21T21:21:56+00:00","mainEntityOfPage":{"@id":"http:\/\/www.andi.hn\/boletin\/reunion-comite-de-alimentos-y-bebidas-de-fecaica-para-preparar-plan-de-trabajo-2023\/#webpage"},"wordCount":93,"publisher":{"@id":"https:\/\/www.andi.hn\/boletin\/#organization"},"articleSection":["Eventos"],"inLanguage":"es"},{"@type":"Person","@id":"https:\/\/www.andi.hn\/boletin\/#\/schema\/person\/5f3c3f1669dba7f00c97c3c03b7c53ad","name":"ANDI","image":{"@type":"ImageObject","@id":"https:\/\/www.andi.hn\/boletin\/#personlogo","inLanguage":"es","url":"http:\/\/1.gravatar.com\/avatar\/710fa2d995172397bb2b7d7eae32446b?s=96&d=mm&r=g","contentUrl":"http:\/\/1.gravatar.com\/avatar\/710fa2d995172397bb2b7d7eae32446b?s=96&d=mm&r=g","caption":"ANDI"}}]}},"_links":{"self":[{"href":"http:\/\/www.andi.hn\/boletin\/wp-json\/wp\/v2\/posts\/2813"}],"collection":[{"href":"http:\/\/www.andi.hn\/boletin\/wp-json\/wp\/v2\/posts"}],"about":[{"href":"http:\/\/www.andi.hn\/boletin\/wp-json\/wp\/v2\/types\/post"}],"author":[{"embeddable":true,"href":"http:\/\/www.andi.hn\/boletin\/wp-json\/wp\/v2\/users\/2"}],"replies":[{"embeddable":true,"href":"http:\/\/www.andi.hn\/boletin\/wp-json\/wp\/v2\/comments?post=2813"}],"version-history":[{"count":1,"href":"http:\/\/www.andi.hn\/boletin\/wp-json\/wp\/v2\/posts\/2813\/revisions"}],"predecessor-version":[{"id":2819,"href":"http:\/\/www.andi.hn\/boletin\/wp-json\/wp\/v2\/posts\/2813\/revisions\/2819"}],"wp:attachment":[{"href":"http:\/\/www.andi.hn\/boletin\/wp-json\/wp\/v2\/media?parent=2813"}],"wp:term":[{"taxonomy":"category","embeddable":true,"href":"http:\/\/www.andi.hn\/boletin\/wp-json\/wp\/v2\/categories?post=2813"},{"taxonomy":"post_tag","embeddable":true,"href":"http:\/\/www.andi.hn\/boletin\/wp-json\/wp\/v2\/tags?post=2813"},{"taxonomy":"cmcal_calendar","embeddable":true,"href":"http:\/\/www.andi.hn\/boletin\/wp-json\/wp\/v2\/cmcal_calendar?post=2813"}],"curies":[{"name":"wp","href":"https:\/\/api.w.org\/{rel}","templated":true}]}}