{"id":2798,"date":"2023-02-08T15:07:54","date_gmt":"2023-02-08T21:07:54","guid":{"rendered":"http:\/\/www.andi.hn\/boletin\/?p=2798"},"modified":"2023-02-21T15:13:52","modified_gmt":"2023-02-21T21:13:52","slug":"cuarta-jornada-de-capacitacion-por-parte-del-comite-anti-contrabando-andi","status":"publish","type":"post","link":"http:\/\/www.andi.hn\/boletin\/cuarta-jornada-de-capacitacion-por-parte-del-comite-anti-contrabando-andi\/","title":{"rendered":"Cuarta Jornada de Capacitaci\u00f3n por parte del Comit\u00e9 Anti contrabando ANDI"},"content":{"rendered":"<p>[vc_row][vc_column][vc_column_text]Cuarta Jornada de Capacitaci\u00f3n por parte del Comit\u00e9 Anti contrabando ANDI a la Secretar\u00eda de Desarrollo Econ\u00f3mico, Secretar\u00eda de Seguridad, Ministerio P\u00fablico, ARSA, SENASA e IHADFA para brindar herramientas contra el comercio il\u00edcito.[\/vc_column_text][\/vc_column][\/vc_row][vc_row][vc_column][vc_media_grid initial_loading_animation=\u00bbnone\u00bb grid_id=\u00bbvc_gid:1677014003423-5ca9dc9c-c71b-9&#8243; include=\u00bb2799,2800,2801,2802,2803&#8243;][\/vc_column][\/vc_row]<\/p>\n","protected":false},"excerpt":{"rendered":"<p>Cuarta Jornada de Capacitaci\u00f3n por parte del Comit\u00e9 Anti contrabando ANDI a la Secretar\u00eda de Desarrollo Econ\u00f3mico, Secretar\u00eda de Seguridad, Ministerio P\u00fablico, ARSA, SENASA e IHADFA para brindar herramientas contra el comercio il\u00edcito.<\/p>\n","protected":false},"author":2,"featured_media":0,"comment_status":"closed","ping_status":"open","sticky":false,"template":"","format":"standard","meta":[],"categories":[19],"tags":[],"cmcal_calendar":[145],"yoast_head":"<!-- This site is optimized with the Yoast SEO plugin v18.1 - https:\/\/yoast.com\/wordpress\/plugins\/seo\/ -->\n<title>Cuarta Jornada de Capacitaci\u00f3n por parte del Comit\u00e9 Anti contrabando ANDI &raquo; ANDI<\/title>\n<meta name=\"description\" content=\"Cuarta Jornada de Capacitaci\u00f3n por parte del Comit\u00e9 Anti contrabando ANDI a la Secretar\u00eda de Desarrollo Econ\u00f3mico, Secretar\u00eda de Seguridad, Ministerio P\u00fablico, ARSA, SENASA e IHADFA para brindar herramientas contra el comercio il\u00edcito.\" \/>\n<meta name=\"robots\" content=\"index, follow, max-snippet:-1, max-image-preview:large, max-video-preview:-1\" \/>\n<link rel=\"canonical\" href=\"http:\/\/www.andi.hn\/boletin\/cuarta-jornada-de-capacitacion-por-parte-del-comite-anti-contrabando-andi\/\" \/>\n<meta property=\"og:locale\" content=\"es_ES\" \/>\n<meta property=\"og:type\" content=\"article\" \/>\n<meta property=\"og:title\" content=\"Cuarta Jornada de Capacitaci\u00f3n por parte del Comit\u00e9 Anti contrabando ANDI &raquo; ANDI\" \/>\n<meta property=\"og:description\" content=\"Cuarta Jornada de Capacitaci\u00f3n por parte del Comit\u00e9 Anti contrabando ANDI\" \/>\n<meta property=\"og:url\" content=\"http:\/\/www.andi.hn\/boletin\/cuarta-jornada-de-capacitacion-por-parte-del-comite-anti-contrabando-andi\/\" \/>\n<meta property=\"og:site_name\" content=\"ANDI\" \/>\n<meta property=\"article:published_time\" content=\"2023-02-08T21:07:54+00:00\" \/>\n<meta property=\"article:modified_time\" content=\"2023-02-21T21:13:52+00:00\" \/>\n<meta property=\"og:image\" content=\"http:\/\/www.andi.hn\/boletin\/wp-content\/uploads\/2023\/02\/8-FEBRERO-4.jpg\" \/>\n\t<meta property=\"og:image:width\" content=\"960\" \/>\n\t<meta property=\"og:image:height\" content=\"540\" \/>\n\t<meta property=\"og:image:type\" content=\"image\/jpeg\" \/>\n<meta name=\"twitter:card\" content=\"summary_large_image\" \/>\n<meta name=\"twitter:title\" content=\"Cuarta Jornada de Capacitaci\u00f3n por parte del Comit\u00e9 Anti contrabando ANDI &raquo; ANDI\" \/>\n<meta name=\"twitter:description\" content=\"Cuarta Jornada de Capacitaci\u00f3n por parte del Comit\u00e9 Anti contrabando ANDI\" \/>\n<meta name=\"twitter:image\" content=\"http:\/\/www.andi.hn\/boletin\/wp-content\/uploads\/2023\/02\/8-FEBRERO-4.jpg\" \/>\n<meta name=\"twitter:label1\" content=\"Escrito por\" \/>\n\t<meta name=\"twitter:data1\" content=\"ANDI\" \/>\n\t<meta name=\"twitter:label2\" content=\"Tiempo de lectura\" \/>\n\t<meta name=\"twitter:data2\" content=\"1 minuto\" \/>\n<script type=\"application\/ld+json\" class=\"yoast-schema-graph\">{\"@context\":\"https:\/\/schema.org\",\"@graph\":[{\"@type\":\"Organization\",\"@id\":\"http:\/\/www.andi.hn\/boletin\/#organization\",\"name\":\"Bolet\u00edn Industrial de Derechos Humanos\",\"url\":\"http:\/\/www.andi.hn\/boletin\/\",\"sameAs\":[],\"logo\":{\"@type\":\"ImageObject\",\"@id\":\"http:\/\/www.andi.hn\/boletin\/#logo\",\"inLanguage\":\"es\",\"url\":\"http:\/\/www.andi.hn\/boletin\/wp-content\/uploads\/2019\/04\/andi.png\",\"contentUrl\":\"http:\/\/www.andi.hn\/boletin\/wp-content\/uploads\/2019\/04\/andi.png\",\"width\":600,\"height\":315,\"caption\":\"Bolet\u00edn Industrial de Derechos Humanos\"},\"image\":{\"@id\":\"http:\/\/www.andi.hn\/boletin\/#logo\"}},{\"@type\":\"WebSite\",\"@id\":\"http:\/\/www.andi.hn\/boletin\/#website\",\"url\":\"http:\/\/www.andi.hn\/boletin\/\",\"name\":\"ANDI\",\"description\":\"Bolet\u00edn de Derechos Humanos\",\"publisher\":{\"@id\":\"http:\/\/www.andi.hn\/boletin\/#organization\"},\"potentialAction\":[{\"@type\":\"SearchAction\",\"target\":{\"@type\":\"EntryPoint\",\"urlTemplate\":\"http:\/\/www.andi.hn\/boletin\/?s={search_term_string}\"},\"query-input\":\"required name=search_term_string\"}],\"inLanguage\":\"es\"},{\"@type\":\"ImageObject\",\"@id\":\"http:\/\/www.andi.hn\/boletin\/cuarta-jornada-de-capacitacion-por-parte-del-comite-anti-contrabando-andi\/#primaryimage\",\"inLanguage\":\"es\",\"url\":\"http:\/\/www.andi.hn\/boletin\/wp-content\/uploads\/2023\/02\/8-FEBRERO-4.jpg\",\"contentUrl\":\"http:\/\/www.andi.hn\/boletin\/wp-content\/uploads\/2023\/02\/8-FEBRERO-4.jpg\",\"width\":960,\"height\":540},{\"@type\":\"WebPage\",\"@id\":\"http:\/\/www.andi.hn\/boletin\/cuarta-jornada-de-capacitacion-por-parte-del-comite-anti-contrabando-andi\/#webpage\",\"url\":\"http:\/\/www.andi.hn\/boletin\/cuarta-jornada-de-capacitacion-por-parte-del-comite-anti-contrabando-andi\/\",\"name\":\"Cuarta Jornada de Capacitaci\u00f3n por parte del Comit\u00e9 Anti contrabando ANDI &raquo; ANDI\",\"isPartOf\":{\"@id\":\"http:\/\/www.andi.hn\/boletin\/#website\"},\"datePublished\":\"2023-02-08T21:07:54+00:00\",\"dateModified\":\"2023-02-21T21:13:52+00:00\",\"description\":\"Cuarta Jornada de Capacitaci\u00f3n por parte del Comit\u00e9 Anti contrabando ANDI a la Secretar\u00eda de Desarrollo Econ\u00f3mico, Secretar\u00eda de Seguridad, Ministerio P\u00fablico, ARSA, SENASA e IHADFA para brindar herramientas contra el comercio il\u00edcito.\",\"breadcrumb\":{\"@id\":\"http:\/\/www.andi.hn\/boletin\/cuarta-jornada-de-capacitacion-por-parte-del-comite-anti-contrabando-andi\/#breadcrumb\"},\"inLanguage\":\"es\",\"potentialAction\":[{\"@type\":\"ReadAction\",\"target\":[\"http:\/\/www.andi.hn\/boletin\/cuarta-jornada-de-capacitacion-por-parte-del-comite-anti-contrabando-andi\/\"]}]},{\"@type\":\"BreadcrumbList\",\"@id\":\"http:\/\/www.andi.hn\/boletin\/cuarta-jornada-de-capacitacion-por-parte-del-comite-anti-contrabando-andi\/#breadcrumb\",\"itemListElement\":[{\"@type\":\"ListItem\",\"position\":1,\"name\":\"Portada\",\"item\":\"http:\/\/www.andi.hn\/boletin\/\"},{\"@type\":\"ListItem\",\"position\":2,\"name\":\"Cuarta Jornada de Capacitaci\u00f3n por parte del Comit\u00e9 Anti contrabando ANDI\"}]},{\"@type\":\"Article\",\"@id\":\"http:\/\/www.andi.hn\/boletin\/cuarta-jornada-de-capacitacion-por-parte-del-comite-anti-contrabando-andi\/#article\",\"isPartOf\":{\"@id\":\"http:\/\/www.andi.hn\/boletin\/cuarta-jornada-de-capacitacion-por-parte-del-comite-anti-contrabando-andi\/#webpage\"},\"author\":{\"@id\":\"http:\/\/www.andi.hn\/boletin\/#\/schema\/person\/5f3c3f1669dba7f00c97c3c03b7c53ad\"},\"headline\":\"Cuarta Jornada de Capacitaci\u00f3n por parte del Comit\u00e9 Anti contrabando ANDI\",\"datePublished\":\"2023-02-08T21:07:54+00:00\",\"dateModified\":\"2023-02-21T21:13:52+00:00\",\"mainEntityOfPage\":{\"@id\":\"http:\/\/www.andi.hn\/boletin\/cuarta-jornada-de-capacitacion-por-parte-del-comite-anti-contrabando-andi\/#webpage\"},\"wordCount\":90,\"publisher\":{\"@id\":\"http:\/\/www.andi.hn\/boletin\/#organization\"},\"articleSection\":[\"Eventos\"],\"inLanguage\":\"es\"},{\"@type\":\"Person\",\"@id\":\"http:\/\/www.andi.hn\/boletin\/#\/schema\/person\/5f3c3f1669dba7f00c97c3c03b7c53ad\",\"name\":\"ANDI\",\"image\":{\"@type\":\"ImageObject\",\"@id\":\"http:\/\/www.andi.hn\/boletin\/#personlogo\",\"inLanguage\":\"es\",\"url\":\"http:\/\/1.gravatar.com\/avatar\/710fa2d995172397bb2b7d7eae32446b?s=96&d=mm&r=g\",\"contentUrl\":\"http:\/\/1.gravatar.com\/avatar\/710fa2d995172397bb2b7d7eae32446b?s=96&d=mm&r=g\",\"caption\":\"ANDI\"}}]}<\/script>\n<!-- \/ Yoast SEO plugin. -->","yoast_head_json":{"title":"Cuarta Jornada de Capacitaci\u00f3n por parte del Comit\u00e9 Anti contrabando ANDI &raquo; ANDI","description":"Cuarta Jornada de Capacitaci\u00f3n por parte del Comit\u00e9 Anti contrabando ANDI a la Secretar\u00eda de Desarrollo Econ\u00f3mico, Secretar\u00eda de Seguridad, Ministerio P\u00fablico, ARSA, SENASA e IHADFA para brindar herramientas contra el comercio il\u00edcito.","robots":{"index":"index","follow":"follow","max-snippet":"max-snippet:-1","max-image-preview":"max-image-preview:large","max-video-preview":"max-video-preview:-1"},"canonical":"http:\/\/www.andi.hn\/boletin\/cuarta-jornada-de-capacitacion-por-parte-del-comite-anti-contrabando-andi\/","og_locale":"es_ES","og_type":"article","og_title":"Cuarta Jornada de Capacitaci\u00f3n por parte del Comit\u00e9 Anti contrabando ANDI &raquo; ANDI","og_description":"Cuarta Jornada de Capacitaci\u00f3n por parte del Comit\u00e9 Anti contrabando ANDI","og_url":"http:\/\/www.andi.hn\/boletin\/cuarta-jornada-de-capacitacion-por-parte-del-comite-anti-contrabando-andi\/","og_site_name":"ANDI","article_published_time":"2023-02-08T21:07:54+00:00","article_modified_time":"2023-02-21T21:13:52+00:00","og_image":[{"width":960,"height":540,"url":"http:\/\/www.andi.hn\/boletin\/wp-content\/uploads\/2023\/02\/8-FEBRERO-4.jpg","type":"image\/jpeg"}],"twitter_card":"summary_large_image","twitter_title":"Cuarta Jornada de Capacitaci\u00f3n por parte del Comit\u00e9 Anti contrabando ANDI &raquo; ANDI","twitter_description":"Cuarta Jornada de Capacitaci\u00f3n por parte del Comit\u00e9 Anti contrabando ANDI","twitter_image":"http:\/\/www.andi.hn\/boletin\/wp-content\/uploads\/2023\/02\/8-FEBRERO-4.jpg","twitter_misc":{"Escrito por":"ANDI","Tiempo de lectura":"1 minuto"},"schema":{"@context":"https:\/\/schema.org","@graph":[{"@type":"Organization","@id":"http:\/\/www.andi.hn\/boletin\/#organization","name":"Bolet\u00edn Industrial de Derechos Humanos","url":"http:\/\/www.andi.hn\/boletin\/","sameAs":[],"logo":{"@type":"ImageObject","@id":"http:\/\/www.andi.hn\/boletin\/#logo","inLanguage":"es","url":"http:\/\/www.andi.hn\/boletin\/wp-content\/uploads\/2019\/04\/andi.png","contentUrl":"http:\/\/www.andi.hn\/boletin\/wp-content\/uploads\/2019\/04\/andi.png","width":600,"height":315,"caption":"Bolet\u00edn Industrial de Derechos Humanos"},"image":{"@id":"http:\/\/www.andi.hn\/boletin\/#logo"}},{"@type":"WebSite","@id":"http:\/\/www.andi.hn\/boletin\/#website","url":"http:\/\/www.andi.hn\/boletin\/","name":"ANDI","description":"Bolet\u00edn de Derechos Humanos","publisher":{"@id":"http:\/\/www.andi.hn\/boletin\/#organization"},"potentialAction":[{"@type":"SearchAction","target":{"@type":"EntryPoint","urlTemplate":"http:\/\/www.andi.hn\/boletin\/?s={search_term_string}"},"query-input":"required name=search_term_string"}],"inLanguage":"es"},{"@type":"ImageObject","@id":"http:\/\/www.andi.hn\/boletin\/cuarta-jornada-de-capacitacion-por-parte-del-comite-anti-contrabando-andi\/#primaryimage","inLanguage":"es","url":"http:\/\/www.andi.hn\/boletin\/wp-content\/uploads\/2023\/02\/8-FEBRERO-4.jpg","contentUrl":"http:\/\/www.andi.hn\/boletin\/wp-content\/uploads\/2023\/02\/8-FEBRERO-4.jpg","width":960,"height":540},{"@type":"WebPage","@id":"http:\/\/www.andi.hn\/boletin\/cuarta-jornada-de-capacitacion-por-parte-del-comite-anti-contrabando-andi\/#webpage","url":"http:\/\/www.andi.hn\/boletin\/cuarta-jornada-de-capacitacion-por-parte-del-comite-anti-contrabando-andi\/","name":"Cuarta Jornada de Capacitaci\u00f3n por parte del Comit\u00e9 Anti contrabando ANDI &raquo; ANDI","isPartOf":{"@id":"http:\/\/www.andi.hn\/boletin\/#website"},"datePublished":"2023-02-08T21:07:54+00:00","dateModified":"2023-02-21T21:13:52+00:00","description":"Cuarta Jornada de Capacitaci\u00f3n por parte del Comit\u00e9 Anti contrabando ANDI a la Secretar\u00eda de Desarrollo Econ\u00f3mico, Secretar\u00eda de Seguridad, Ministerio P\u00fablico, ARSA, SENASA e IHADFA para brindar herramientas contra el comercio il\u00edcito.","breadcrumb":{"@id":"http:\/\/www.andi.hn\/boletin\/cuarta-jornada-de-capacitacion-por-parte-del-comite-anti-contrabando-andi\/#breadcrumb"},"inLanguage":"es","potentialAction":[{"@type":"ReadAction","target":["http:\/\/www.andi.hn\/boletin\/cuarta-jornada-de-capacitacion-por-parte-del-comite-anti-contrabando-andi\/"]}]},{"@type":"BreadcrumbList","@id":"http:\/\/www.andi.hn\/boletin\/cuarta-jornada-de-capacitacion-por-parte-del-comite-anti-contrabando-andi\/#breadcrumb","itemListElement":[{"@type":"ListItem","position":1,"name":"Portada","item":"http:\/\/www.andi.hn\/boletin\/"},{"@type":"ListItem","position":2,"name":"Cuarta Jornada de Capacitaci\u00f3n por parte del Comit\u00e9 Anti contrabando ANDI"}]},{"@type":"Article","@id":"http:\/\/www.andi.hn\/boletin\/cuarta-jornada-de-capacitacion-por-parte-del-comite-anti-contrabando-andi\/#article","isPartOf":{"@id":"http:\/\/www.andi.hn\/boletin\/cuarta-jornada-de-capacitacion-por-parte-del-comite-anti-contrabando-andi\/#webpage"},"author":{"@id":"http:\/\/www.andi.hn\/boletin\/#\/schema\/person\/5f3c3f1669dba7f00c97c3c03b7c53ad"},"headline":"Cuarta Jornada de Capacitaci\u00f3n por parte del Comit\u00e9 Anti contrabando ANDI","datePublished":"2023-02-08T21:07:54+00:00","dateModified":"2023-02-21T21:13:52+00:00","mainEntityOfPage":{"@id":"http:\/\/www.andi.hn\/boletin\/cuarta-jornada-de-capacitacion-por-parte-del-comite-anti-contrabando-andi\/#webpage"},"wordCount":90,"publisher":{"@id":"http:\/\/www.andi.hn\/boletin\/#organization"},"articleSection":["Eventos"],"inLanguage":"es"},{"@type":"Person","@id":"http:\/\/www.andi.hn\/boletin\/#\/schema\/person\/5f3c3f1669dba7f00c97c3c03b7c53ad","name":"ANDI","image":{"@type":"ImageObject","@id":"http:\/\/www.andi.hn\/boletin\/#personlogo","inLanguage":"es","url":"http:\/\/1.gravatar.com\/avatar\/710fa2d995172397bb2b7d7eae32446b?s=96&d=mm&r=g","contentUrl":"http:\/\/1.gravatar.com\/avatar\/710fa2d995172397bb2b7d7eae32446b?s=96&d=mm&r=g","caption":"ANDI"}}]}},"_links":{"self":[{"href":"http:\/\/www.andi.hn\/boletin\/wp-json\/wp\/v2\/posts\/2798"}],"collection":[{"href":"http:\/\/www.andi.hn\/boletin\/wp-json\/wp\/v2\/posts"}],"about":[{"href":"http:\/\/www.andi.hn\/boletin\/wp-json\/wp\/v2\/types\/post"}],"author":[{"embeddable":true,"href":"http:\/\/www.andi.hn\/boletin\/wp-json\/wp\/v2\/users\/2"}],"replies":[{"embeddable":true,"href":"http:\/\/www.andi.hn\/boletin\/wp-json\/wp\/v2\/comments?post=2798"}],"version-history":[{"count":5,"href":"http:\/\/www.andi.hn\/boletin\/wp-json\/wp\/v2\/posts\/2798\/revisions"}],"predecessor-version":[{"id":2809,"href":"http:\/\/www.andi.hn\/boletin\/wp-json\/wp\/v2\/posts\/2798\/revisions\/2809"}],"wp:attachment":[{"href":"http:\/\/www.andi.hn\/boletin\/wp-json\/wp\/v2\/media?parent=2798"}],"wp:term":[{"taxonomy":"category","embeddable":true,"href":"http:\/\/www.andi.hn\/boletin\/wp-json\/wp\/v2\/categories?post=2798"},{"taxonomy":"post_tag","embeddable":true,"href":"http:\/\/www.andi.hn\/boletin\/wp-json\/wp\/v2\/tags?post=2798"},{"taxonomy":"cmcal_calendar","embeddable":true,"href":"http:\/\/www.andi.hn\/boletin\/wp-json\/wp\/v2\/cmcal_calendar?post=2798"}],"curies":[{"name":"wp","href":"https:\/\/api.w.org\/{rel}","templated":true}]}}