{"id":2791,"date":"2023-02-15T15:01:20","date_gmt":"2023-02-15T21:01:20","guid":{"rendered":"http:\/\/www.andi.hn\/boletin\/?p=2791"},"modified":"2023-02-21T15:18:37","modified_gmt":"2023-02-21T21:18:37","slug":"foro-inclusion-financiera-de-las-mujeres-claves-para-una-recuperacion-transformadora-de-la-economia-post-covid-19-en-america-latina-y-el-caribe","status":"publish","type":"post","link":"http:\/\/www.andi.hn\/boletin\/foro-inclusion-financiera-de-las-mujeres-claves-para-una-recuperacion-transformadora-de-la-economia-post-covid-19-en-america-latina-y-el-caribe\/","title":{"rendered":"Foro \u00abInclusi\u00f3n Financiera de las mujeres: Claves para una recuperaci\u00f3n transformadora de la econom\u00eda post COVID-19 en Am\u00e9rica Latina y el Caribe\u00bb"},"content":{"rendered":"<p>[vc_row][vc_column][vc_column_text]El Presidente Ejecutivo <a href=\"https:\/\/www.facebook.com\/fgarciamhn?__cft__%5b0%5d=AZW_FEL1eXXEn9jVOdtkGBjYnGjQkY15d8p1spSGulJ9MY5MnStgWNQvRhqX5xIv19Jvc42CP5UaVuEdVwZMQC3998-6NNYiLzAIhQat7bjDqrLngS-tsYsZ3eBn5Pf19I6Spl_1dxPau7HZZ7O-TANVV3DN15EfQMQf3DM6cCydEW2r2ffeDRkMKHYcvKPWO1KYJLbK05JxGhv-qS8rG79C&amp;__tn__=-%5dK-R\">Fernando Garc\u00eda Merino<\/a> en representaci\u00f3n de la ANDI participa en el foro \u00abInclusi\u00f3n Financiera de las mujeres: Claves para una recuperaci\u00f3n transformadora de la econom\u00eda post COVID-19 en Am\u00e9rica Latina y el Caribe\u00bb y Lanzamiento del Proyecto Ecosistemas Financieros Inclusivos.[\/vc_column_text][\/vc_column][\/vc_row][vc_row][vc_column][vc_media_grid element_width=\u00bb3&#8243; initial_loading_animation=\u00bbnone\u00bb grid_id=\u00bbvc_gid:1677014294231-eece7aad-ece0-4&#8243; include=\u00bb2794,2792,2793,2795&#8243;][\/vc_column][\/vc_row][vc_row][vc_column][vc_btn title=\u00bbNOTA CONCEPTUAL Y AGENDA\u00bb style=\u00bbclassic\u00bb color=\u00bbblue\u00bb i_align=\u00bbright\u00bb i_icon_fontawesome=\u00bbfa fa-file-pdf-o\u00bb add_icon=\u00bbtrue\u00bb link=\u00bburl:http%3A%2F%2Fwww.andi.hn%2Fboletin%2Fwp-content%2Fuploads%2F2023%2F02%2FNOTA-CONCEPTUAL-Y-AGENDA.pdf|title:NOTA%20CONCEPTUAL%20Y%20AGENDA|target:%20_blank|\u00bb][\/vc_column][\/vc_row]<\/p>\n","protected":false},"excerpt":{"rendered":"<p>El Presidente Ejecutivo Fernando Garc\u00eda Merino en representaci\u00f3n de la ANDI participa en el foro \u00abInclusi\u00f3n Financiera de las mujeres: Claves para una recuperaci\u00f3n transformadora de la econom\u00eda post COVID-19 en Am\u00e9rica Latina y el Caribe\u00bb y Lanzamiento del Proyecto Ecosistemas Financieros Inclusivos.<\/p>\n","protected":false},"author":2,"featured_media":0,"comment_status":"closed","ping_status":"open","sticky":false,"template":"","format":"standard","meta":[],"categories":[19],"tags":[],"cmcal_calendar":[145],"yoast_head":"<!-- This site is optimized with the Yoast SEO plugin v18.1 - https:\/\/yoast.com\/wordpress\/plugins\/seo\/ -->\n<title>Foro &quot;Inclusi\u00f3n Financiera de las mujeres: Claves para una recuperaci\u00f3n transformadora de la econom\u00eda post COVID-19 en Am\u00e9rica Latina y el Caribe&quot; &raquo; ANDI<\/title>\n<meta name=\"description\" content=\"El Presidente Ejecutivo Fernando Garc\u00eda Merino en representaci\u00f3n de la ANDI participa en el foro &quot;Inclusi\u00f3n Financiera de las mujeres: Claves para una recuperaci\u00f3n transformadora de la econom\u00eda post COVID-19 en Am\u00e9rica Latina y el Caribe&quot; y Lanzamiento del Proyecto Ecosistemas Financieros Inclusivos.\" \/>\n<meta name=\"robots\" content=\"index, follow, max-snippet:-1, max-image-preview:large, max-video-preview:-1\" \/>\n<link rel=\"canonical\" href=\"https:\/\/www.andi.hn\/boletin\/foro-inclusion-financiera-de-las-mujeres-claves-para-una-recuperacion-transformadora-de-la-economia-post-covid-19-en-america-latina-y-el-caribe\/\" \/>\n<meta property=\"og:locale\" content=\"es_ES\" \/>\n<meta property=\"og:type\" content=\"article\" \/>\n<meta property=\"og:title\" content=\"Foro &quot;Inclusi\u00f3n Financiera de las mujeres: Claves para una recuperaci\u00f3n transformadora de la econom\u00eda post COVID-19 en Am\u00e9rica Latina y el Caribe&quot; &raquo; ANDI\" \/>\n<meta property=\"og:description\" content=\"Foro &quot;Inclusi\u00f3n Financiera de las mujeres: Claves para una recuperaci\u00f3n transformadora de la econom\u00eda post COVID-19 en Am\u00e9rica Latina y el Caribe&quot;\" \/>\n<meta property=\"og:url\" content=\"https:\/\/www.andi.hn\/boletin\/foro-inclusion-financiera-de-las-mujeres-claves-para-una-recuperacion-transformadora-de-la-economia-post-covid-19-en-america-latina-y-el-caribe\/\" \/>\n<meta property=\"og:site_name\" content=\"ANDI\" \/>\n<meta property=\"article:published_time\" content=\"2023-02-15T21:01:20+00:00\" \/>\n<meta property=\"article:modified_time\" content=\"2023-02-21T21:18:37+00:00\" \/>\n<meta property=\"og:image\" content=\"https:\/\/www.andi.hn\/boletin\/wp-content\/uploads\/2023\/02\/ONU-MUJERES.jpg\" \/>\n\t<meta property=\"og:image:width\" content=\"1200\" \/>\n\t<meta property=\"og:image:height\" content=\"1023\" \/>\n\t<meta property=\"og:image:type\" content=\"image\/jpeg\" \/>\n<meta name=\"twitter:card\" content=\"summary_large_image\" \/>\n<meta name=\"twitter:title\" content=\"Foro &quot;Inclusi\u00f3n Financiera de las mujeres: Claves para una recuperaci\u00f3n transformadora de la econom\u00eda post COVID-19 en Am\u00e9rica Latina y el Caribe&quot; &raquo; ANDI\" \/>\n<meta name=\"twitter:description\" content=\"Foro &quot;Inclusi\u00f3n Financiera de las mujeres: Claves para una recuperaci\u00f3n transformadora de la econom\u00eda post COVID-19 en Am\u00e9rica Latina y el Caribe&quot;\" \/>\n<meta name=\"twitter:image\" content=\"http:\/\/www.andi.hn\/boletin\/wp-content\/uploads\/2023\/02\/ONU-MUJERES.jpg\" \/>\n<meta name=\"twitter:label1\" content=\"Escrito por\" \/>\n\t<meta name=\"twitter:data1\" content=\"ANDI\" \/>\n\t<meta name=\"twitter:label2\" content=\"Tiempo de lectura\" \/>\n\t<meta name=\"twitter:data2\" content=\"1 minuto\" \/>\n<script type=\"application\/ld+json\" class=\"yoast-schema-graph\">{\"@context\":\"https:\/\/schema.org\",\"@graph\":[{\"@type\":\"Organization\",\"@id\":\"https:\/\/www.andi.hn\/boletin\/#organization\",\"name\":\"Bolet\u00edn Industrial de Derechos Humanos\",\"url\":\"https:\/\/www.andi.hn\/boletin\/\",\"sameAs\":[],\"logo\":{\"@type\":\"ImageObject\",\"@id\":\"https:\/\/www.andi.hn\/boletin\/#logo\",\"inLanguage\":\"es\",\"url\":\"http:\/\/www.andi.hn\/boletin\/wp-content\/uploads\/2019\/04\/andi.png\",\"contentUrl\":\"http:\/\/www.andi.hn\/boletin\/wp-content\/uploads\/2019\/04\/andi.png\",\"width\":600,\"height\":315,\"caption\":\"Bolet\u00edn Industrial de Derechos Humanos\"},\"image\":{\"@id\":\"https:\/\/www.andi.hn\/boletin\/#logo\"}},{\"@type\":\"WebSite\",\"@id\":\"https:\/\/www.andi.hn\/boletin\/#website\",\"url\":\"https:\/\/www.andi.hn\/boletin\/\",\"name\":\"ANDI\",\"description\":\"Bolet\u00edn de Derechos Humanos\",\"publisher\":{\"@id\":\"https:\/\/www.andi.hn\/boletin\/#organization\"},\"potentialAction\":[{\"@type\":\"SearchAction\",\"target\":{\"@type\":\"EntryPoint\",\"urlTemplate\":\"https:\/\/www.andi.hn\/boletin\/?s={search_term_string}\"},\"query-input\":\"required name=search_term_string\"}],\"inLanguage\":\"es\"},{\"@type\":\"ImageObject\",\"@id\":\"https:\/\/www.andi.hn\/boletin\/foro-inclusion-financiera-de-las-mujeres-claves-para-una-recuperacion-transformadora-de-la-economia-post-covid-19-en-america-latina-y-el-caribe\/#primaryimage\",\"inLanguage\":\"es\",\"url\":\"http:\/\/www.andi.hn\/boletin\/wp-content\/uploads\/2023\/02\/ONU-MUJERES.jpg\",\"contentUrl\":\"http:\/\/www.andi.hn\/boletin\/wp-content\/uploads\/2023\/02\/ONU-MUJERES.jpg\",\"width\":1200,\"height\":1023},{\"@type\":\"WebPage\",\"@id\":\"https:\/\/www.andi.hn\/boletin\/foro-inclusion-financiera-de-las-mujeres-claves-para-una-recuperacion-transformadora-de-la-economia-post-covid-19-en-america-latina-y-el-caribe\/#webpage\",\"url\":\"https:\/\/www.andi.hn\/boletin\/foro-inclusion-financiera-de-las-mujeres-claves-para-una-recuperacion-transformadora-de-la-economia-post-covid-19-en-america-latina-y-el-caribe\/\",\"name\":\"Foro \\\"Inclusi\u00f3n Financiera de las mujeres: Claves para una recuperaci\u00f3n transformadora de la econom\u00eda post COVID-19 en Am\u00e9rica Latina y el Caribe\\\" &raquo; ANDI\",\"isPartOf\":{\"@id\":\"https:\/\/www.andi.hn\/boletin\/#website\"},\"datePublished\":\"2023-02-15T21:01:20+00:00\",\"dateModified\":\"2023-02-21T21:18:37+00:00\",\"description\":\"El Presidente Ejecutivo Fernando Garc\u00eda Merino en representaci\u00f3n de la ANDI participa en el foro \\\"Inclusi\u00f3n Financiera de las mujeres: Claves para una recuperaci\u00f3n transformadora de la econom\u00eda post COVID-19 en Am\u00e9rica Latina y el Caribe\\\" y Lanzamiento del Proyecto Ecosistemas Financieros Inclusivos.\",\"breadcrumb\":{\"@id\":\"https:\/\/www.andi.hn\/boletin\/foro-inclusion-financiera-de-las-mujeres-claves-para-una-recuperacion-transformadora-de-la-economia-post-covid-19-en-america-latina-y-el-caribe\/#breadcrumb\"},\"inLanguage\":\"es\",\"potentialAction\":[{\"@type\":\"ReadAction\",\"target\":[\"https:\/\/www.andi.hn\/boletin\/foro-inclusion-financiera-de-las-mujeres-claves-para-una-recuperacion-transformadora-de-la-economia-post-covid-19-en-america-latina-y-el-caribe\/\"]}]},{\"@type\":\"BreadcrumbList\",\"@id\":\"https:\/\/www.andi.hn\/boletin\/foro-inclusion-financiera-de-las-mujeres-claves-para-una-recuperacion-transformadora-de-la-economia-post-covid-19-en-america-latina-y-el-caribe\/#breadcrumb\",\"itemListElement\":[{\"@type\":\"ListItem\",\"position\":1,\"name\":\"Portada\",\"item\":\"https:\/\/www.andi.hn\/boletin\/\"},{\"@type\":\"ListItem\",\"position\":2,\"name\":\"Foro \u00abInclusi\u00f3n Financiera de las mujeres: Claves para una recuperaci\u00f3n transformadora de la econom\u00eda post COVID-19 en Am\u00e9rica Latina y el Caribe\u00bb\"}]},{\"@type\":\"Article\",\"@id\":\"https:\/\/www.andi.hn\/boletin\/foro-inclusion-financiera-de-las-mujeres-claves-para-una-recuperacion-transformadora-de-la-economia-post-covid-19-en-america-latina-y-el-caribe\/#article\",\"isPartOf\":{\"@id\":\"https:\/\/www.andi.hn\/boletin\/foro-inclusion-financiera-de-las-mujeres-claves-para-una-recuperacion-transformadora-de-la-economia-post-covid-19-en-america-latina-y-el-caribe\/#webpage\"},\"author\":{\"@id\":\"https:\/\/www.andi.hn\/boletin\/#\/schema\/person\/5f3c3f1669dba7f00c97c3c03b7c53ad\"},\"headline\":\"Foro \u00abInclusi\u00f3n Financiera de las mujeres: Claves para una recuperaci\u00f3n transformadora de la econom\u00eda post COVID-19 en Am\u00e9rica Latina y el Caribe\u00bb\",\"datePublished\":\"2023-02-15T21:01:20+00:00\",\"dateModified\":\"2023-02-21T21:18:37+00:00\",\"mainEntityOfPage\":{\"@id\":\"https:\/\/www.andi.hn\/boletin\/foro-inclusion-financiera-de-las-mujeres-claves-para-una-recuperacion-transformadora-de-la-economia-post-covid-19-en-america-latina-y-el-caribe\/#webpage\"},\"wordCount\":166,\"publisher\":{\"@id\":\"https:\/\/www.andi.hn\/boletin\/#organization\"},\"articleSection\":[\"Eventos\"],\"inLanguage\":\"es\"},{\"@type\":\"Person\",\"@id\":\"https:\/\/www.andi.hn\/boletin\/#\/schema\/person\/5f3c3f1669dba7f00c97c3c03b7c53ad\",\"name\":\"ANDI\",\"image\":{\"@type\":\"ImageObject\",\"@id\":\"https:\/\/www.andi.hn\/boletin\/#personlogo\",\"inLanguage\":\"es\",\"url\":\"http:\/\/1.gravatar.com\/avatar\/710fa2d995172397bb2b7d7eae32446b?s=96&d=mm&r=g\",\"contentUrl\":\"http:\/\/1.gravatar.com\/avatar\/710fa2d995172397bb2b7d7eae32446b?s=96&d=mm&r=g\",\"caption\":\"ANDI\"}}]}<\/script>\n<!-- \/ Yoast SEO plugin. -->","yoast_head_json":{"title":"Foro \"Inclusi\u00f3n Financiera de las mujeres: Claves para una recuperaci\u00f3n transformadora de la econom\u00eda post COVID-19 en Am\u00e9rica Latina y el Caribe\" &raquo; ANDI","description":"El Presidente Ejecutivo Fernando Garc\u00eda Merino en representaci\u00f3n de la ANDI participa en el foro \"Inclusi\u00f3n Financiera de las mujeres: Claves para una recuperaci\u00f3n transformadora de la econom\u00eda post COVID-19 en Am\u00e9rica Latina y el Caribe\" y Lanzamiento del Proyecto Ecosistemas Financieros Inclusivos.","robots":{"index":"index","follow":"follow","max-snippet":"max-snippet:-1","max-image-preview":"max-image-preview:large","max-video-preview":"max-video-preview:-1"},"canonical":"https:\/\/www.andi.hn\/boletin\/foro-inclusion-financiera-de-las-mujeres-claves-para-una-recuperacion-transformadora-de-la-economia-post-covid-19-en-america-latina-y-el-caribe\/","og_locale":"es_ES","og_type":"article","og_title":"Foro \"Inclusi\u00f3n Financiera de las mujeres: Claves para una recuperaci\u00f3n transformadora de la econom\u00eda post COVID-19 en Am\u00e9rica Latina y el Caribe\" &raquo; ANDI","og_description":"Foro \"Inclusi\u00f3n Financiera de las mujeres: Claves para una recuperaci\u00f3n transformadora de la econom\u00eda post COVID-19 en Am\u00e9rica Latina y el Caribe\"","og_url":"https:\/\/www.andi.hn\/boletin\/foro-inclusion-financiera-de-las-mujeres-claves-para-una-recuperacion-transformadora-de-la-economia-post-covid-19-en-america-latina-y-el-caribe\/","og_site_name":"ANDI","article_published_time":"2023-02-15T21:01:20+00:00","article_modified_time":"2023-02-21T21:18:37+00:00","og_image":[{"width":1200,"height":1023,"url":"https:\/\/www.andi.hn\/boletin\/wp-content\/uploads\/2023\/02\/ONU-MUJERES.jpg","type":"image\/jpeg"}],"twitter_card":"summary_large_image","twitter_title":"Foro \"Inclusi\u00f3n Financiera de las mujeres: Claves para una recuperaci\u00f3n transformadora de la econom\u00eda post COVID-19 en Am\u00e9rica Latina y el Caribe\" &raquo; ANDI","twitter_description":"Foro \"Inclusi\u00f3n Financiera de las mujeres: Claves para una recuperaci\u00f3n transformadora de la econom\u00eda post COVID-19 en Am\u00e9rica Latina y el Caribe\"","twitter_image":"http:\/\/www.andi.hn\/boletin\/wp-content\/uploads\/2023\/02\/ONU-MUJERES.jpg","twitter_misc":{"Escrito por":"ANDI","Tiempo de lectura":"1 minuto"},"schema":{"@context":"https:\/\/schema.org","@graph":[{"@type":"Organization","@id":"https:\/\/www.andi.hn\/boletin\/#organization","name":"Bolet\u00edn Industrial de Derechos Humanos","url":"https:\/\/www.andi.hn\/boletin\/","sameAs":[],"logo":{"@type":"ImageObject","@id":"https:\/\/www.andi.hn\/boletin\/#logo","inLanguage":"es","url":"http:\/\/www.andi.hn\/boletin\/wp-content\/uploads\/2019\/04\/andi.png","contentUrl":"http:\/\/www.andi.hn\/boletin\/wp-content\/uploads\/2019\/04\/andi.png","width":600,"height":315,"caption":"Bolet\u00edn Industrial de Derechos Humanos"},"image":{"@id":"https:\/\/www.andi.hn\/boletin\/#logo"}},{"@type":"WebSite","@id":"https:\/\/www.andi.hn\/boletin\/#website","url":"https:\/\/www.andi.hn\/boletin\/","name":"ANDI","description":"Bolet\u00edn de Derechos Humanos","publisher":{"@id":"https:\/\/www.andi.hn\/boletin\/#organization"},"potentialAction":[{"@type":"SearchAction","target":{"@type":"EntryPoint","urlTemplate":"https:\/\/www.andi.hn\/boletin\/?s={search_term_string}"},"query-input":"required name=search_term_string"}],"inLanguage":"es"},{"@type":"ImageObject","@id":"https:\/\/www.andi.hn\/boletin\/foro-inclusion-financiera-de-las-mujeres-claves-para-una-recuperacion-transformadora-de-la-economia-post-covid-19-en-america-latina-y-el-caribe\/#primaryimage","inLanguage":"es","url":"http:\/\/www.andi.hn\/boletin\/wp-content\/uploads\/2023\/02\/ONU-MUJERES.jpg","contentUrl":"http:\/\/www.andi.hn\/boletin\/wp-content\/uploads\/2023\/02\/ONU-MUJERES.jpg","width":1200,"height":1023},{"@type":"WebPage","@id":"https:\/\/www.andi.hn\/boletin\/foro-inclusion-financiera-de-las-mujeres-claves-para-una-recuperacion-transformadora-de-la-economia-post-covid-19-en-america-latina-y-el-caribe\/#webpage","url":"https:\/\/www.andi.hn\/boletin\/foro-inclusion-financiera-de-las-mujeres-claves-para-una-recuperacion-transformadora-de-la-economia-post-covid-19-en-america-latina-y-el-caribe\/","name":"Foro \"Inclusi\u00f3n Financiera de las mujeres: Claves para una recuperaci\u00f3n transformadora de la econom\u00eda post COVID-19 en Am\u00e9rica Latina y el Caribe\" &raquo; ANDI","isPartOf":{"@id":"https:\/\/www.andi.hn\/boletin\/#website"},"datePublished":"2023-02-15T21:01:20+00:00","dateModified":"2023-02-21T21:18:37+00:00","description":"El Presidente Ejecutivo Fernando Garc\u00eda Merino en representaci\u00f3n de la ANDI participa en el foro \"Inclusi\u00f3n Financiera de las mujeres: Claves para una recuperaci\u00f3n transformadora de la econom\u00eda post COVID-19 en Am\u00e9rica Latina y el Caribe\" y Lanzamiento del Proyecto Ecosistemas Financieros Inclusivos.","breadcrumb":{"@id":"https:\/\/www.andi.hn\/boletin\/foro-inclusion-financiera-de-las-mujeres-claves-para-una-recuperacion-transformadora-de-la-economia-post-covid-19-en-america-latina-y-el-caribe\/#breadcrumb"},"inLanguage":"es","potentialAction":[{"@type":"ReadAction","target":["https:\/\/www.andi.hn\/boletin\/foro-inclusion-financiera-de-las-mujeres-claves-para-una-recuperacion-transformadora-de-la-economia-post-covid-19-en-america-latina-y-el-caribe\/"]}]},{"@type":"BreadcrumbList","@id":"https:\/\/www.andi.hn\/boletin\/foro-inclusion-financiera-de-las-mujeres-claves-para-una-recuperacion-transformadora-de-la-economia-post-covid-19-en-america-latina-y-el-caribe\/#breadcrumb","itemListElement":[{"@type":"ListItem","position":1,"name":"Portada","item":"https:\/\/www.andi.hn\/boletin\/"},{"@type":"ListItem","position":2,"name":"Foro \u00abInclusi\u00f3n Financiera de las mujeres: Claves para una recuperaci\u00f3n transformadora de la econom\u00eda post COVID-19 en Am\u00e9rica Latina y el Caribe\u00bb"}]},{"@type":"Article","@id":"https:\/\/www.andi.hn\/boletin\/foro-inclusion-financiera-de-las-mujeres-claves-para-una-recuperacion-transformadora-de-la-economia-post-covid-19-en-america-latina-y-el-caribe\/#article","isPartOf":{"@id":"https:\/\/www.andi.hn\/boletin\/foro-inclusion-financiera-de-las-mujeres-claves-para-una-recuperacion-transformadora-de-la-economia-post-covid-19-en-america-latina-y-el-caribe\/#webpage"},"author":{"@id":"https:\/\/www.andi.hn\/boletin\/#\/schema\/person\/5f3c3f1669dba7f00c97c3c03b7c53ad"},"headline":"Foro \u00abInclusi\u00f3n Financiera de las mujeres: Claves para una recuperaci\u00f3n transformadora de la econom\u00eda post COVID-19 en Am\u00e9rica Latina y el Caribe\u00bb","datePublished":"2023-02-15T21:01:20+00:00","dateModified":"2023-02-21T21:18:37+00:00","mainEntityOfPage":{"@id":"https:\/\/www.andi.hn\/boletin\/foro-inclusion-financiera-de-las-mujeres-claves-para-una-recuperacion-transformadora-de-la-economia-post-covid-19-en-america-latina-y-el-caribe\/#webpage"},"wordCount":166,"publisher":{"@id":"https:\/\/www.andi.hn\/boletin\/#organization"},"articleSection":["Eventos"],"inLanguage":"es"},{"@type":"Person","@id":"https:\/\/www.andi.hn\/boletin\/#\/schema\/person\/5f3c3f1669dba7f00c97c3c03b7c53ad","name":"ANDI","image":{"@type":"ImageObject","@id":"https:\/\/www.andi.hn\/boletin\/#personlogo","inLanguage":"es","url":"http:\/\/1.gravatar.com\/avatar\/710fa2d995172397bb2b7d7eae32446b?s=96&d=mm&r=g","contentUrl":"http:\/\/1.gravatar.com\/avatar\/710fa2d995172397bb2b7d7eae32446b?s=96&d=mm&r=g","caption":"ANDI"}}]}},"_links":{"self":[{"href":"http:\/\/www.andi.hn\/boletin\/wp-json\/wp\/v2\/posts\/2791"}],"collection":[{"href":"http:\/\/www.andi.hn\/boletin\/wp-json\/wp\/v2\/posts"}],"about":[{"href":"http:\/\/www.andi.hn\/boletin\/wp-json\/wp\/v2\/types\/post"}],"author":[{"embeddable":true,"href":"http:\/\/www.andi.hn\/boletin\/wp-json\/wp\/v2\/users\/2"}],"replies":[{"embeddable":true,"href":"http:\/\/www.andi.hn\/boletin\/wp-json\/wp\/v2\/comments?post=2791"}],"version-history":[{"count":5,"href":"http:\/\/www.andi.hn\/boletin\/wp-json\/wp\/v2\/posts\/2791\/revisions"}],"predecessor-version":[{"id":2812,"href":"http:\/\/www.andi.hn\/boletin\/wp-json\/wp\/v2\/posts\/2791\/revisions\/2812"}],"wp:attachment":[{"href":"http:\/\/www.andi.hn\/boletin\/wp-json\/wp\/v2\/media?parent=2791"}],"wp:term":[{"taxonomy":"category","embeddable":true,"href":"http:\/\/www.andi.hn\/boletin\/wp-json\/wp\/v2\/categories?post=2791"},{"taxonomy":"post_tag","embeddable":true,"href":"http:\/\/www.andi.hn\/boletin\/wp-json\/wp\/v2\/tags?post=2791"},{"taxonomy":"cmcal_calendar","embeddable":true,"href":"http:\/\/www.andi.hn\/boletin\/wp-json\/wp\/v2\/cmcal_calendar?post=2791"}],"curies":[{"name":"wp","href":"https:\/\/api.w.org\/{rel}","templated":true}]}}